{"id":32493,"date":"2025-09-09T11:03:00","date_gmt":"2025-09-09T14:03:00","guid":{"rendered":"https:\/\/sabuguinho.com.br\/site\/?p=32493"},"modified":"2025-09-09T11:12:22","modified_gmt":"2025-09-09T14:12:22","slug":"mel-produzido-em-avare-e-campeao-pelo-segundo-ano-consecutivo-em-feira-de-apicultura","status":"publish","type":"post","link":"https:\/\/sabuguinho.com.br\/site\/mel-produzido-em-avare-e-campeao-pelo-segundo-ano-consecutivo-em-feira-de-apicultura\/","title":{"rendered":"Mel produzido em Avar\u00e9 \u00e9 campe\u00e3o pelo segundo ano consecutivo em feira de apicultura"},"content":{"rendered":"<p>O mel dos apicultores Leonardo Mazzoni \u00e9 J\u00e9ssica Trench Mazzoni, da Associa\u00e7\u00e3o dos Apicultores de Avar\u00e9 (APA), ganhou o primeiro lugar na acirrada competi\u00e7\u00e3o do melhor mel no quesito sabor, colora\u00e7\u00e3o e aroma.<br \/>\nO pr\u00eamio veio na feira Brasil Honey Show, a maior do g\u00eanero apicultura do pa\u00eds, que aconteceu no \u00faltimo final de semana, dias 5, 6 e 7, no shopping de Botucatu e reuniu produtores de diversos estados do Brasil.<br \/>\nA premia\u00e7\u00e3o de primeiro lugar dentre tantos candidatos evidencia a grande qualidade do mel proveniente do munic\u00edpio de Avar\u00e9 e o comprometimento dos apicultores com a qualidade e melhoria constante.<br \/>\nMais do que uma feira, o Brasil Honey Show \u00e9 uma plataforma de transforma\u00e7\u00e3o que valoriza os produtores como agentes ambientais, protagonistas na regenera\u00e7\u00e3o ecol\u00f3gica, na seguran\u00e7a alimentar e na educa\u00e7\u00e3o ambiental.<br \/>\nEm 2025, em sua 4\u00aa edi\u00e7\u00e3o, o evento continuou com o compromisso de fortalecer os la\u00e7os entre ci\u00eancia, produ\u00e7\u00e3o, inova\u00e7\u00e3o e pol\u00edticas p\u00fablicas, unindo institui\u00e7\u00f5es, empresas, universidades e comunidades locais em uma jornada coletiva rumo a um futuro mais sustent\u00e1vel.<br \/>\nCom cerca de 150 expositores de v\u00e1rias regi\u00f5es do Brasil, a feira reuniu desde m\u00e1quinas e equipamentos de \u00faltima gera\u00e7\u00e3o at\u00e9 uma ampla gama de produtos que t\u00eam o mel como protagonista. Entre eles, cosm\u00e9ticos, hidrom\u00e9is e novidades gastron\u00f4micas.<br \/>\nUm dos destaques da edi\u00e7\u00e3o deste ano foi o lan\u00e7amento de um sorvete \u00e0 base de mel, desenvolvido em Botucatu, sem gl\u00faten e sem adi\u00e7\u00e3o de a\u00e7\u00facar. Tamb\u00e9m chamaram a aten\u00e7\u00e3o o mel com infus\u00e3o de pimentas e um creme de cacau com avel\u00e3 e mel, divulgado como alternativa natural a produtos industrializados.<\/p>\n<p>legenda: A premia\u00e7\u00e3o de primeiro lugar dentre tantos candidatos evidencia a grande qualidade do mel proveniente do munic\u00edpio de Avar\u00e9 e o comprometimento dos apicultores com a qualidade e melhoria constante<\/p>\n<p>Fonte da Foto: Arquivo Pessoal:<\/p>\n<p><img loading=\"lazy\" decoding=\"async\" src=\"https:\/\/sabuguinho.com.br\/site\/wp-content\/uploads\/2025\/09\/c33a0710-687d-4ab5-bcb1-76cf8f2a5d29-106x150.jpg\" alt=\"\" width=\"106\" height=\"150\" class=\"alignnone size-medium wp-image-32499\" srcset=\"https:\/\/sabuguinho.com.br\/site\/wp-content\/uploads\/2025\/09\/c33a0710-687d-4ab5-bcb1-76cf8f2a5d29-106x150.jpg 106w, https:\/\/sabuguinho.com.br\/site\/wp-content\/uploads\/2025\/09\/c33a0710-687d-4ab5-bcb1-76cf8f2a5d29-361x512.jpg 361w, https:\/\/sabuguinho.com.br\/site\/wp-content\/uploads\/2025\/09\/c33a0710-687d-4ab5-bcb1-76cf8f2a5d29-768x1089.jpg 768w, https:\/\/sabuguinho.com.br\/site\/wp-content\/uploads\/2025\/09\/c33a0710-687d-4ab5-bcb1-76cf8f2a5d29-750x1063.jpg 750w, https:\/\/sabuguinho.com.br\/site\/wp-content\/uploads\/2025\/09\/c33a0710-687d-4ab5-bcb1-76cf8f2a5d29.jpg 903w\" sizes=\"(max-width: 106px) 100vw, 106px\" \/><\/p>\n","protected":false},"excerpt":{"rendered":"<p>O mel dos apicultores Leonardo Mazzoni \u00e9 J\u00e9ssica Trench Mazzoni, da Associa\u00e7\u00e3o dos Apicultores de Avar\u00e9 (APA), ganhou o primeiro lugar na acirrada competi\u00e7\u00e3o do melhor mel no quesito sabor, colora\u00e7\u00e3o e aroma. O pr\u00eamio veio na feira Brasil Honey Show, a maior do g\u00eanero apicultura do pa\u00eds, que aconteceu no \u00faltimo final de semana, [&hellip;]<\/p>\n","protected":false},"author":2,"featured_media":32494,"comment_status":"open","ping_status":"open","sticky":false,"template":"","format":"standard","meta":{"footnotes":""},"categories":[56],"tags":[],"_links":{"self":[{"href":"https:\/\/sabuguinho.com.br\/site\/wp-json\/wp\/v2\/posts\/32493"}],"collection":[{"href":"https:\/\/sabuguinho.com.br\/site\/wp-json\/wp\/v2\/posts"}],"about":[{"href":"https:\/\/sabuguinho.com.br\/site\/wp-json\/wp\/v2\/types\/post"}],"author":[{"embeddable":true,"href":"https:\/\/sabuguinho.com.br\/site\/wp-json\/wp\/v2\/users\/2"}],"replies":[{"embeddable":true,"href":"https:\/\/sabuguinho.com.br\/site\/wp-json\/wp\/v2\/comments?post=32493"}],"version-history":[{"count":3,"href":"https:\/\/sabuguinho.com.br\/site\/wp-json\/wp\/v2\/posts\/32493\/revisions"}],"predecessor-version":[{"id":32501,"href":"https:\/\/sabuguinho.com.br\/site\/wp-json\/wp\/v2\/posts\/32493\/revisions\/32501"}],"wp:featuredmedia":[{"embeddable":true,"href":"https:\/\/sabuguinho.com.br\/site\/wp-json\/wp\/v2\/media\/32494"}],"wp:attachment":[{"href":"https:\/\/sabuguinho.com.br\/site\/wp-json\/wp\/v2\/media?parent=32493"}],"wp:term":[{"taxonomy":"category","embeddable":true,"href":"https:\/\/sabuguinho.com.br\/site\/wp-json\/wp\/v2\/categories?post=32493"},{"taxonomy":"post_tag","embeddable":true,"href":"https:\/\/sabuguinho.com.br\/site\/wp-json\/wp\/v2\/tags?post=32493"}],"curies":[{"name":"wp","href":"https:\/\/api.w.org\/{rel}","templated":true}]}}