{"id":32486,"date":"2025-09-09T10:48:34","date_gmt":"2025-09-09T13:48:34","guid":{"rendered":"https:\/\/sabuguinho.com.br\/site\/?p=32486"},"modified":"2025-09-09T10:48:34","modified_gmt":"2025-09-09T13:48:34","slug":"saude-posto-bairro-alto-realiza-acao-do-setembro-amarelo-no-dia-19","status":"publish","type":"post","link":"https:\/\/sabuguinho.com.br\/site\/saude-posto-bairro-alto-realiza-acao-do-setembro-amarelo-no-dia-19\/","title":{"rendered":"SA\u00daDE &#8211; Posto Bairro Alto realiza a\u00e7\u00e3o do Setembro Amarelo no dia 19"},"content":{"rendered":"<p>Alusivo ao m\u00eas de preven\u00e7\u00e3o ao suic\u00eddio, evento oferece programa\u00e7\u00e3o a partir das 17 horas_ <\/p>\n<p>O posto Bairro Alto promove na sexta-feira, 19, um evento para conscientizar a popula\u00e7\u00e3o sobre a import\u00e2ncia da sa\u00fade mental.<br \/>\nAberta ao p\u00fablico, a a\u00e7\u00e3o alusiva ao Setembro Amarelo, m\u00eas de preven\u00e7\u00e3o ao suic\u00eddio, ser\u00e1 realizada das 17h \u00e0s 21 horas.<br \/>\nA iniciativa tem apoio do prefeito Roberto Araujo. A proposta da Secretaria Municipal da Sa\u00fade \u00e9 realizar a campanha no per\u00edodo noturno para ampliar o acesso ao tema. <\/p>\n<p>*Programa\u00e7\u00e3o* <\/p>\n<p>A programa\u00e7\u00e3o inclui palestra sobre a import\u00e2ncia da sa\u00fade mental, aferi\u00e7\u00e3o de press\u00e3o arterial, teste de glicemia capilar, vacina\u00e7\u00e3o e testes r\u00e1pidos para HIV, s\u00edfilis, hepatites B e C.<br \/>\nO posto Bairro Alto est\u00e1 situado na Rua Minas Gerais, n\u00ba 2147, no bairro que empresta seu nome \u00e0 unidade de sa\u00fade.<\/p>\n","protected":false},"excerpt":{"rendered":"<p>Alusivo ao m\u00eas de preven\u00e7\u00e3o ao suic\u00eddio, evento oferece programa\u00e7\u00e3o a partir das 17 horas_ O posto Bairro Alto promove na sexta-feira, 19, um evento para conscientizar a popula\u00e7\u00e3o sobre a import\u00e2ncia da sa\u00fade mental. Aberta ao p\u00fablico, a a\u00e7\u00e3o alusiva ao Setembro Amarelo, m\u00eas de preven\u00e7\u00e3o ao suic\u00eddio, ser\u00e1 realizada das 17h \u00e0s 21 [&hellip;]<\/p>\n","protected":false},"author":2,"featured_media":32489,"comment_status":"open","ping_status":"open","sticky":false,"template":"","format":"standard","meta":{"footnotes":""},"categories":[1],"tags":[],"_links":{"self":[{"href":"https:\/\/sabuguinho.com.br\/site\/wp-json\/wp\/v2\/posts\/32486"}],"collection":[{"href":"https:\/\/sabuguinho.com.br\/site\/wp-json\/wp\/v2\/posts"}],"about":[{"href":"https:\/\/sabuguinho.com.br\/site\/wp-json\/wp\/v2\/types\/post"}],"author":[{"embeddable":true,"href":"https:\/\/sabuguinho.com.br\/site\/wp-json\/wp\/v2\/users\/2"}],"replies":[{"embeddable":true,"href":"https:\/\/sabuguinho.com.br\/site\/wp-json\/wp\/v2\/comments?post=32486"}],"version-history":[{"count":1,"href":"https:\/\/sabuguinho.com.br\/site\/wp-json\/wp\/v2\/posts\/32486\/revisions"}],"predecessor-version":[{"id":32490,"href":"https:\/\/sabuguinho.com.br\/site\/wp-json\/wp\/v2\/posts\/32486\/revisions\/32490"}],"wp:featuredmedia":[{"embeddable":true,"href":"https:\/\/sabuguinho.com.br\/site\/wp-json\/wp\/v2\/media\/32489"}],"wp:attachment":[{"href":"https:\/\/sabuguinho.com.br\/site\/wp-json\/wp\/v2\/media?parent=32486"}],"wp:term":[{"taxonomy":"category","embeddable":true,"href":"https:\/\/sabuguinho.com.br\/site\/wp-json\/wp\/v2\/categories?post=32486"},{"taxonomy":"post_tag","embeddable":true,"href":"https:\/\/sabuguinho.com.br\/site\/wp-json\/wp\/v2\/tags?post=32486"}],"curies":[{"name":"wp","href":"https:\/\/api.w.org\/{rel}","templated":true}]}}