{"id":32440,"date":"2025-09-08T13:38:30","date_gmt":"2025-09-08T16:38:30","guid":{"rendered":"https:\/\/sabuguinho.com.br\/site\/?p=32440"},"modified":"2025-09-08T13:38:30","modified_gmt":"2025-09-08T16:38:30","slug":"revelacao-do-samba-grupo-tirambaco-faz-show-gratuito-no-projeto-cordao-dia-13","status":"publish","type":"post","link":"https:\/\/sabuguinho.com.br\/site\/revelacao-do-samba-grupo-tirambaco-faz-show-gratuito-no-projeto-cordao-dia-13\/","title":{"rendered":"Revela\u00e7\u00e3o do samba, grupo Tiramba\u00e7o faz show gratuito no Projeto Cord\u00e3o dia 13"},"content":{"rendered":"<p>Erick Facioli- COODERNADOR EDITORIAL |<\/p>\n<p>Considerado uma das grandes revela\u00e7\u00f5es do samba de S\u00e3o Paulo, o Tiramba\u00e7o ser\u00e1 atra\u00e7\u00e3o no Projeto Cord\u00e3o, em Avar\u00e9, no s\u00e1bado dia 13. O grupo sobe ao palco a partir das 16h (port\u00f5es abertos a partir das 15h) para conquistar os admiradores do samba das d\u00e9cadas de 1970 e 1980.<br \/>\nApesar da jornada iniciada em 2023, o Tiramba\u00e7o se destaca por ser formado por seis cantores e compositores, com trajet\u00f3rias conceituadas no cen\u00e1rio do samba paulista e em suas rela\u00e7\u00f5es com sambistas do Brasil inteiro. O grupo vem se destacando no cen\u00e1rio musical com um repert\u00f3rio que mescla cl\u00e1ssicos de Beth Carvalho, Jo\u00e3o Nogueira, Clara Nunes e Jorge Arag\u00e3o, al\u00e9m de composi\u00e7\u00f5es autorais que refor\u00e7am sua identidade art\u00edstica.<br \/>\nO Tiramba\u00e7o \u00e9 composto por Edinho Silva (viol\u00e3o 7 cordas), Gregory Andreas (cavaquinho), Arthur Favela (banjo), Cadu Ribeiro (pandeiro), Alfredo Castro (percuss\u00e3o geral) e Renato Passarinho (surdo). Al\u00e9m do trabalho autoral, o grupo reverencia sambistas e conjuntos que ajudaram a escrever a hist\u00f3ria do g\u00eanero mais popular da m\u00fasica brasileira. J\u00e1 tocou ao lado de nomes importantes como Sombrinha, Mauro Diniz e Fundo de Quintal.<br \/>\nAtualmente se apresenta nas principais casas de m\u00fasica de S\u00e3o Paulo como \u00d3 do Borogod\u00f3, Dois Dois e Casa de Francisca. Recentemente, o grupo realizou o espet\u00e1culo em homenagem aos 90 anos de Candeia no teatro do Sesc Pomp\u00e9ia, com a participa\u00e7\u00e3o de Sombrinha. Em janeiro deste ano, lan\u00e7ou seu primeiro single, &#8220;Algo pra dar&#8221;, e est\u00e1 em fase de produ\u00e7\u00e3o de seu primeiro \u00e1lbum, previsto para o segundo semestre deste ano.<br \/>\nO evento contar\u00e1 com uma pra\u00e7a de alimenta\u00e7\u00e3o com comida de boteco e chopp, al\u00e9m de exposi\u00e7\u00f5es.<\/p>\n<p>Programa\u00e7\u00e3o do segundo semestre do Projeto Cord\u00e3o<\/p>\n<p>13\/09 &#8211; Show Tiramba\u00e7o<\/p>\n<p>04\/10 \u2013 Caf\u00e9 com livro<\/p>\n<p>10 a 12\/10 \u2013 Atividades da Fampop<\/p>\n<p>15\/11 \u2013 Show com Paulinho Novaes<\/p>\n<p>01\/11 \u2013 Caf\u00e9 com livro<\/p>\n<p>06\/12 \u2013 Caf\u00e9 com livro<\/p>\n<p>17\/12 \u2013 Orquestra Filarm\u00f4nica da USP (Igreja Matriz)<\/p>\n<p>O que \u00e9 o Projeto Cord\u00e3o<\/p>\n<p>O Projeto Cord\u00e3o \u00e9 uma entidade cultural vibrante e multifacetado, idealizado por Camila e Rafael Valim em 2019. O nome \u00e9 inspirado na m\u00fasica \u201cCord\u00e3o\u201d, de Chico Buarque e reflete o compromisso com a uni\u00e3o, a colabora\u00e7\u00e3o e a produ\u00e7\u00e3o coletiva de cultura brasileira. Localizado em uma charmosa vila de casas na Travessa Virg\u00edlio de Ara\u00fajo Valim, n\u00ba 167, no Distrito Industrial Primavera, o espa\u00e7o abriga diversas iniciativas: A Editora Contracorrente, a Livraria Contracorrente, Escola de M\u00fasica do Cord\u00e3o; a Luthieria Toledo, especializada na fabrica\u00e7\u00e3o de pandeiros e um projeto de agroecologia, com hortas org\u00e2nicas e produ\u00e7\u00e3o agroflorestal.<br \/>\nAl\u00e9m da infraestrutura, o Projeto Cord\u00e3o realiza eventos culturais marcantes, como o Festival de Inverno, um espa\u00e7o de encontro, debate, forma\u00e7\u00e3o musical, produ\u00e7\u00e3o editorial, agroecologia e eventos art\u00edsticos de alto n\u00edvel \u2014 tudo com foco na promo\u00e7\u00e3o da cultura, do pensamento livre e da viv\u00eancia comunit\u00e1ria.<\/p>\n<p>* Com informa\u00e7\u00f5es da Assessoria do Grupo Tiramba\u00e7o<\/p>\n<p><img loading=\"lazy\" decoding=\"async\" src=\"https:\/\/sabuguinho.com.br\/site\/wp-content\/uploads\/2025\/09\/Tirambaco-2-150x116.jpeg\" alt=\"\" width=\"150\" height=\"116\" class=\"alignnone size-medium wp-image-32441\" srcset=\"https:\/\/sabuguinho.com.br\/site\/wp-content\/uploads\/2025\/09\/Tirambaco-2-150x116.jpeg 150w, https:\/\/sabuguinho.com.br\/site\/wp-content\/uploads\/2025\/09\/Tirambaco-2-512x397.jpeg 512w, https:\/\/sabuguinho.com.br\/site\/wp-content\/uploads\/2025\/09\/Tirambaco-2-768x596.jpeg 768w, https:\/\/sabuguinho.com.br\/site\/wp-content\/uploads\/2025\/09\/Tirambaco-2-750x582.jpeg 750w, https:\/\/sabuguinho.com.br\/site\/wp-content\/uploads\/2025\/09\/Tirambaco-2-1140x885.jpeg 1140w, https:\/\/sabuguinho.com.br\/site\/wp-content\/uploads\/2025\/09\/Tirambaco-2.jpeg 1170w\" sizes=\"(max-width: 150px) 100vw, 150px\" \/><\/p>\n","protected":false},"excerpt":{"rendered":"<p>Erick Facioli- COODERNADOR EDITORIAL | Considerado uma das grandes revela\u00e7\u00f5es do samba de S\u00e3o Paulo, o Tiramba\u00e7o ser\u00e1 atra\u00e7\u00e3o no Projeto Cord\u00e3o, em Avar\u00e9, no s\u00e1bado dia 13. O grupo sobe ao palco a partir das 16h (port\u00f5es abertos a partir das 15h) para conquistar os admiradores do samba das d\u00e9cadas de 1970 e 1980. [&hellip;]<\/p>\n","protected":false},"author":2,"featured_media":32442,"comment_status":"open","ping_status":"open","sticky":false,"template":"","format":"standard","meta":{"footnotes":""},"categories":[56],"tags":[],"_links":{"self":[{"href":"https:\/\/sabuguinho.com.br\/site\/wp-json\/wp\/v2\/posts\/32440"}],"collection":[{"href":"https:\/\/sabuguinho.com.br\/site\/wp-json\/wp\/v2\/posts"}],"about":[{"href":"https:\/\/sabuguinho.com.br\/site\/wp-json\/wp\/v2\/types\/post"}],"author":[{"embeddable":true,"href":"https:\/\/sabuguinho.com.br\/site\/wp-json\/wp\/v2\/users\/2"}],"replies":[{"embeddable":true,"href":"https:\/\/sabuguinho.com.br\/site\/wp-json\/wp\/v2\/comments?post=32440"}],"version-history":[{"count":1,"href":"https:\/\/sabuguinho.com.br\/site\/wp-json\/wp\/v2\/posts\/32440\/revisions"}],"predecessor-version":[{"id":32443,"href":"https:\/\/sabuguinho.com.br\/site\/wp-json\/wp\/v2\/posts\/32440\/revisions\/32443"}],"wp:featuredmedia":[{"embeddable":true,"href":"https:\/\/sabuguinho.com.br\/site\/wp-json\/wp\/v2\/media\/32442"}],"wp:attachment":[{"href":"https:\/\/sabuguinho.com.br\/site\/wp-json\/wp\/v2\/media?parent=32440"}],"wp:term":[{"taxonomy":"category","embeddable":true,"href":"https:\/\/sabuguinho.com.br\/site\/wp-json\/wp\/v2\/categories?post=32440"},{"taxonomy":"post_tag","embeddable":true,"href":"https:\/\/sabuguinho.com.br\/site\/wp-json\/wp\/v2\/tags?post=32440"}],"curies":[{"name":"wp","href":"https:\/\/api.w.org\/{rel}","templated":true}]}}