{"id":32431,"date":"2025-09-08T12:25:36","date_gmt":"2025-09-08T15:25:36","guid":{"rendered":"https:\/\/sabuguinho.com.br\/site\/?p=32431"},"modified":"2025-09-08T12:25:36","modified_gmt":"2025-09-08T15:25:36","slug":"criciuma-x-chapecoense-jogador-agride-adversario-e-var-anula-gol-de-penalti","status":"publish","type":"post","link":"https:\/\/sabuguinho.com.br\/site\/criciuma-x-chapecoense-jogador-agride-adversario-e-var-anula-gol-de-penalti\/","title":{"rendered":"Crici\u00fama x Chapecoense: jogador agride advers\u00e1rio, e VAR anula gol de p\u00eanalti"},"content":{"rendered":"<p>Jogada incomum aconteceu no fim da primeira etapa, no Heriberto Hulse <\/p>\n<p>Guilherme Moreira<br \/>\nCuritiba (PR)<\/p>\n<p>Um lance inusitado chamou a aten\u00e7\u00e3o na partida entre Crici\u00fama e Chapecoense, pela 25\u00aa rodada da S\u00e9rie B, na tarde de domingo, no est\u00e1dio Heriberto H\u00fclse. No fim do primeiro tempo, a Chape marcou de p\u00eanalti e diminuiria a desvantagem para 2 a 1, mas o VAR interferiu, viu uma agress\u00e3o na cobran\u00e7a e anulou o gol.<br \/>\nA situa\u00e7\u00e3o incomum acontecue aos 41 minutos da etapa inicial quando Marcinho foi derrubado na \u00e1rea por Yan Souto, e o \u00e1rbitro Felipe Fernandes de Lima, ap\u00f3s revis\u00e3o no VAR, marcou penalidade para a Chapecoense. Na cobran\u00e7a, Walter Clar fez o gol.<br \/>\nContudo, o gol foi anulado pela agress\u00e3o do lateral-direito Gabriel Inoc\u00eancio no lateral-esquerdo Felipinho quando o companheiro realizava a batida do p\u00eanalti. A arbitragem, assim, tirou o gol, marcou falta para o Crici\u00fama e expulsou o atleta da Chapecoense. O jogo ficou paralisado por cerca de 10 minutos.<br \/>\n&#8211; A bola estava em jogo no momento da conduta violenta. A bola estava a caminho do gol, n\u00e3o tinha entrado &#8211; avaliou Renato Ruel, especialista em arbitragem, \u00e0 ESPN.<br \/>\nCom a vit\u00f3ria por 2 a 0, em confronto direto, o Crici\u00fama ultrapassou a Chapecoense e chegou a 42 pontos, na terceira coloca\u00e7\u00e3o da S\u00e9rie B. A Chape caiu para a quarta posi\u00e7\u00e3o, com 41 pontos. Primeiro time fora do G-4, o Remo tem 38 pontos.<\/p>\n<p>Legenda<br \/>\nNicolas fez um dos gols do Crici\u00fama contra a Chape. Foto: Murilo da Rosa\/Chapecoense<\/p>\n","protected":false},"excerpt":{"rendered":"<p>Jogada incomum aconteceu no fim da primeira etapa, no Heriberto Hulse Guilherme Moreira Curitiba (PR) Um lance inusitado chamou a aten\u00e7\u00e3o na partida entre Crici\u00fama e Chapecoense, pela 25\u00aa rodada da S\u00e9rie B, na tarde de domingo, no est\u00e1dio Heriberto H\u00fclse. No fim do primeiro tempo, a Chape marcou de p\u00eanalti e diminuiria a desvantagem [&hellip;]<\/p>\n","protected":false},"author":2,"featured_media":32435,"comment_status":"open","ping_status":"open","sticky":false,"template":"","format":"standard","meta":{"footnotes":""},"categories":[45],"tags":[],"_links":{"self":[{"href":"https:\/\/sabuguinho.com.br\/site\/wp-json\/wp\/v2\/posts\/32431"}],"collection":[{"href":"https:\/\/sabuguinho.com.br\/site\/wp-json\/wp\/v2\/posts"}],"about":[{"href":"https:\/\/sabuguinho.com.br\/site\/wp-json\/wp\/v2\/types\/post"}],"author":[{"embeddable":true,"href":"https:\/\/sabuguinho.com.br\/site\/wp-json\/wp\/v2\/users\/2"}],"replies":[{"embeddable":true,"href":"https:\/\/sabuguinho.com.br\/site\/wp-json\/wp\/v2\/comments?post=32431"}],"version-history":[{"count":1,"href":"https:\/\/sabuguinho.com.br\/site\/wp-json\/wp\/v2\/posts\/32431\/revisions"}],"predecessor-version":[{"id":32436,"href":"https:\/\/sabuguinho.com.br\/site\/wp-json\/wp\/v2\/posts\/32431\/revisions\/32436"}],"wp:featuredmedia":[{"embeddable":true,"href":"https:\/\/sabuguinho.com.br\/site\/wp-json\/wp\/v2\/media\/32435"}],"wp:attachment":[{"href":"https:\/\/sabuguinho.com.br\/site\/wp-json\/wp\/v2\/media?parent=32431"}],"wp:term":[{"taxonomy":"category","embeddable":true,"href":"https:\/\/sabuguinho.com.br\/site\/wp-json\/wp\/v2\/categories?post=32431"},{"taxonomy":"post_tag","embeddable":true,"href":"https:\/\/sabuguinho.com.br\/site\/wp-json\/wp\/v2\/tags?post=32431"}],"curies":[{"name":"wp","href":"https:\/\/api.w.org\/{rel}","templated":true}]}}