{"id":32405,"date":"2025-09-07T19:53:48","date_gmt":"2025-09-07T22:53:48","guid":{"rendered":"https:\/\/sabuguinho.com.br\/site\/?p=32405"},"modified":"2025-09-07T19:53:48","modified_gmt":"2025-09-07T22:53:48","slug":"jogadores-do-brasil-destacam-desafio-de-jogar-na-altitude-da-bolivia","status":"publish","type":"post","link":"https:\/\/sabuguinho.com.br\/site\/jogadores-do-brasil-destacam-desafio-de-jogar-na-altitude-da-bolivia\/","title":{"rendered":"Jogadores do Brasil destacam desafio de jogar na altitude da Bol\u00edvia"},"content":{"rendered":"<p>Sele\u00e7\u00e3o brasileira ter\u00e1 de lidar com efeitos dos 4.150 metros<\/p>\n<p>Ag\u00eancia Brasil<\/p>\n<p>Na pr\u00f3xima ter\u00e7a-feira (9) o Brasil visita a Bol\u00edvia na cidade de El Alto em seu \u00faltimo compromisso pela atual edi\u00e7\u00e3o das Eliminat\u00f3rias Sul-Americanas para a Copa do Mundo de 2026. E o desafio de atuar sob os efeitos dos 4.150 metros de altitude \u00e9 assunto entre os jogadores da sele\u00e7\u00e3o brasileira.<br \/>\nSegundo o zagueiro Gabriel Magalh\u00e3es, do Arsenal (Inglaterra), que foi titular na vit\u00f3ria de 3 a 0 sobre a Bol\u00edvia na \u00faltima quinta-feira (4), o Brasil deve entrar em campo para medir for\u00e7as com a Bol\u00edvia sem temer os efeitos da altitude: \u201cN\u00e3o temos que pensar em altitude e, sim, que vestimos a camisa da sele\u00e7\u00e3o brasileira, para fazer um grande jogo e sairmos vitoriosos. Sabemos das dificuldades, mas temos tamb\u00e9m que saber o que precisamos fazer dentro de campo e estamos preparados para isso\u201d.<br \/>\nQuem tem opini\u00e3o semelhante \u00e9 o atacante Gabriel Martinelli, tamb\u00e9m do Arsenal, que aposta em um triunfo do Brasil do t\u00e9cnico italiano Carlo Ancelotti: \u201cS\u00f3 n\u00e3o vejo a hora de chegar o jogo, estou preparado. O nosso foco \u00e9 estar o melhor poss\u00edvel para o jogo e ganhar a partida da melhor maneira poss\u00edvel, jogando o nosso futebol. Com certeza \u00e9 um ponto que atrapalha, mas a gente est\u00e1 focado\u201d.<br \/>\nBrasil e Bol\u00edvia medem for\u00e7as a partir das 20h30 (hor\u00e1rio de Bras\u00edlia) da pr\u00f3xima ter\u00e7a-feira (9) no Est\u00e1dio Municipal de El Alto, na cidade de El Alto.<\/p>\n","protected":false},"excerpt":{"rendered":"<p>Sele\u00e7\u00e3o brasileira ter\u00e1 de lidar com efeitos dos 4.150 metros Ag\u00eancia Brasil Na pr\u00f3xima ter\u00e7a-feira (9) o Brasil visita a Bol\u00edvia na cidade de El Alto em seu \u00faltimo compromisso pela atual edi\u00e7\u00e3o das Eliminat\u00f3rias Sul-Americanas para a Copa do Mundo de 2026. E o desafio de atuar sob os efeitos dos 4.150 metros de [&hellip;]<\/p>\n","protected":false},"author":2,"featured_media":32406,"comment_status":"open","ping_status":"open","sticky":false,"template":"","format":"standard","meta":{"footnotes":""},"categories":[45],"tags":[],"_links":{"self":[{"href":"https:\/\/sabuguinho.com.br\/site\/wp-json\/wp\/v2\/posts\/32405"}],"collection":[{"href":"https:\/\/sabuguinho.com.br\/site\/wp-json\/wp\/v2\/posts"}],"about":[{"href":"https:\/\/sabuguinho.com.br\/site\/wp-json\/wp\/v2\/types\/post"}],"author":[{"embeddable":true,"href":"https:\/\/sabuguinho.com.br\/site\/wp-json\/wp\/v2\/users\/2"}],"replies":[{"embeddable":true,"href":"https:\/\/sabuguinho.com.br\/site\/wp-json\/wp\/v2\/comments?post=32405"}],"version-history":[{"count":1,"href":"https:\/\/sabuguinho.com.br\/site\/wp-json\/wp\/v2\/posts\/32405\/revisions"}],"predecessor-version":[{"id":32407,"href":"https:\/\/sabuguinho.com.br\/site\/wp-json\/wp\/v2\/posts\/32405\/revisions\/32407"}],"wp:featuredmedia":[{"embeddable":true,"href":"https:\/\/sabuguinho.com.br\/site\/wp-json\/wp\/v2\/media\/32406"}],"wp:attachment":[{"href":"https:\/\/sabuguinho.com.br\/site\/wp-json\/wp\/v2\/media?parent=32405"}],"wp:term":[{"taxonomy":"category","embeddable":true,"href":"https:\/\/sabuguinho.com.br\/site\/wp-json\/wp\/v2\/categories?post=32405"},{"taxonomy":"post_tag","embeddable":true,"href":"https:\/\/sabuguinho.com.br\/site\/wp-json\/wp\/v2\/tags?post=32405"}],"curies":[{"name":"wp","href":"https:\/\/api.w.org\/{rel}","templated":true}]}}