{"id":32389,"date":"2025-09-07T15:12:19","date_gmt":"2025-09-07T18:12:19","guid":{"rendered":"https:\/\/sabuguinho.com.br\/site\/?p=32389"},"modified":"2025-09-07T15:12:19","modified_gmt":"2025-09-07T18:12:19","slug":"hoje-e-dia-independencia-e-aniversario-da-radio-mec-sao-os-destaques","status":"publish","type":"post","link":"https:\/\/sabuguinho.com.br\/site\/hoje-e-dia-independencia-e-aniversario-da-radio-mec-sao-os-destaques\/","title":{"rendered":"Hoje \u00e9 Dia: Independ\u00eancia e anivers\u00e1rio da R\u00e1dio MEC s\u00e3o os destaques"},"content":{"rendered":"<p>Confira as principais datas da semana entre 7 e 13 de setembro.<\/p>\n<p>Rilton Pimentel \u2013 Rep\u00f3rter da Ag\u00eancia Brasil<\/p>\n<p>Esta semana temos um dos feriados mais conhecidos dos brasileiros e o anivers\u00e1rio de duas r\u00e1dios integrantes da Empresa Brasil de Comunica\u00e7\u00e3o (EBC). Come\u00e7amos com o Dia da Independ\u00eancia, comemorado em 7 de setembro. Segundos as fontes hist\u00f3ricas, foi nesta data, em 1822, que Dom Pedro I proclamou \u00e0s margens do rio Ipiranga que o Brasil deixaria de ser col\u00f4nia de Portugal. Em 2022, ano que comemoramos o bicenten\u00e1rio da independ\u00eancia, a TV Brasil exibiu o epis\u00f3dio \u201cHist\u00f3rias da Independ\u00eancia\u201d do Caminhos da Reportagem, abordando todo o contexto hist\u00f3rico que antecedeu o simb\u00f3lico grito. A Ag\u00eancia Brasil aprofundou o tema em v\u00e1rias ocasi\u00f5es, como nesta reportagem de 2020 e nesta outra, publicada em 2023. A Radioag\u00eancia Nacional trouxe uma quest\u00e3o que divide historiadores: a independ\u00eancia foi proclamada em 7 de setembro ou em 12 de outubro? E o Rep\u00f3rter Brasil, tamb\u00e9m da TV Brasil, trouxe uma abordagem curiosa: como as crian\u00e7as veem a data. <\/p>\n<p>Comunica\u00e7\u00e3o p\u00fablica<\/p>\n<p>A R\u00e1dio MEC completa 102 anos no dia 7 de setembro. Nem todo mundo sabe, mas ela deu in\u00edcio \u00e0 hist\u00f3ria do r\u00e1dio no Brasil. Foi a primeira emissora criada no pa\u00eds, em 1923, por Edgard Roquette-Pinto, que tinha o sonho de levar informa\u00e7\u00e3o educativa, cultural e cient\u00edfica \u00e0 popula\u00e7\u00e3o. Na \u00e9poca, se chamava R\u00e1dio Sociedade do Rio de Janeiro. Em 1936, a emissora foi incorporada pelo Minist\u00e9rio da Educa\u00e7\u00e3o, passando a ter o nome atual. E em 2007 passou a ser gerida pela Empresa Brasil de Comunica\u00e7\u00e3o (EBC). A Ag\u00eancia Brasil, a Radioag\u00eancia Nacional e o Rep\u00f3rter Brasil Tarde, da TV Brasil, deram destaque ao centen\u00e1rio da emissora, em reportagens de 2023.<br \/>\nOutro ve\u00edculo da EBC que faz anivers\u00e1rio esta semana \u00e9 a R\u00e1dio Nacional do Rio de Janeiro, que completa 89 anos no ar no dia 12 de setembro. A emissora nem sempre foi um ve\u00edculo p\u00fablico. Surgiu como parte da Companhia Estrada de Ferro S\u00e3o Paulo-Rio Grande e foi estatizada em 1940, no governo de Get\u00falio Vargas. A partir da\u00ed se expandiu e hoje \u00e9 uma das cinco maiores do mundo. Foi vitrine da m\u00fasica brasileira e lan\u00e7ou \u00eddolos nacionais como Luiz Gonzaga, Cauby Peixoto e Marlene. Lan\u00e7ou tamb\u00e9m a primeira radionovela da hist\u00f3ria brasileira, \u201cEm Busca da Felicidade\u201d, em 1941. E no jornalismo foi a casa de notici\u00e1rios emblem\u00e1ticos, como o Rep\u00f3rter Esso. A import\u00e2ncia hist\u00f3rica da R\u00e1dio Nacional foi destacada pela Radioag\u00eancia Nacional em 2024, pela Ag\u00eancia Brasil em 2023 e pelo programa Viva Maria, veiculado na pr\u00f3pria emissora. A TV Brasil tamb\u00e9m prestou seu tributo nos 80 anos da R\u00e1dio Nacional, em 2016, com um epis\u00f3dio do programa Caminhos da Reportagem.<\/p>\n<p>Educa\u00e7\u00e3o<\/p>\n<p>Em 8 de setembro temos o Dia Mundial da Alfabetiza\u00e7\u00e3o, data criada pela Organiza\u00e7\u00e3o das Na\u00e7\u00f5es Unidas para a Educa\u00e7\u00e3o, a Ci\u00eancia e a Cultura (Unesco) com o intuito de ressaltar a import\u00e2ncia da alfabetiza\u00e7\u00e3o para o desenvolvimento social e econ\u00f4mico mundial. Em reportagem de 2023, a Ag\u00eancia Gov destacou que, infelizmente, a alfabetiza\u00e7\u00e3o adequada ainda n\u00e3o \u00e9 uma realidade no Brasil, com \u00edndices altos e evas\u00e3o e abandono. Esses e outros desafios tamb\u00e9m foram abordados pela Ag\u00eancia Brasil, no mesmo ano. J\u00e1 o Rep\u00f3rter Brasil, da TV Brasil, trouxe uma boa not\u00edcia: a queda na taxa analfabetismo, que segundo o Instituto Brasileiro de Geografia e Estat\u00edstica (IBGE) era de 5,6%<\/p>\n<p>Setembro Amarelo<\/p>\n<p>Estamos no Setembro Amarelo, m\u00eas de preven\u00e7\u00e3o ao suic\u00eddio. A data chave da mobiliza\u00e7\u00e3o \u00e9 10 de setembro, Dia Mundial de Preven\u00e7\u00e3o ao Suic\u00eddio. A Ag\u00eancia Gov deu destaque, no ano passado, a experi\u00eancias no Sistema \u00danico de Sa\u00fade (SUS) que contribuem para a preven\u00e7\u00e3o do problema. A Ag\u00eancia Brasil, em 2023, abordou a preocupa\u00e7\u00e3o com a sa\u00fade mental dos jovens, que t\u00eam sofrido com problemas como depress\u00e3o cada vez mais cedo. A import\u00e2ncia do tratamento precoce desse transtorno foi o foco da Radioag\u00eancia Nacional, em mat\u00e9ria do mesmo ano. O Dia Mundial de Preven\u00e7\u00e3o ao Suic\u00eddio tamb\u00e9m foi destaque no Rep\u00f3rter Brasil, da TV Brasil, em 2018, no Brasil em Dia, do Canal Gov, em 2024. <\/p>\n<p>Meio ambiente<\/p>\n<p>O cerrado ocupa 25% do Brasil \u2013 se estendendo por 11 estados \u2013 e \u00e9 o segundo bioma mais amea\u00e7ado do pa\u00eds. A import\u00e2ncia de preservar sua biodiversidade \u00e9 o mote do Dia do Cerrado, celebrado em 11 de setembro. As amea\u00e7as \u00e0 fauna e \u00e0 flora da regi\u00e3o foram destacadas no ano passado pela Ag\u00eancia Brasil e pelo Tarde Nacional, da R\u00e1dio Nacional, que ressaltou que o bioma perdeu 27% de sua vegeta\u00e7\u00e3o nativa nos \u00faltimos 39 anos, de acordo com estudo realizado pela Mapbiomas. A Radioag\u00eancia Nacional destacou que cerrado abriga as nascentes das maiores bacias hidrogr\u00e1ficas do pa\u00eds, em reportagem de 2022. E o Rep\u00f3rter Brasil, da TV Brasil, abordou como a agropecu\u00e1ria de exporta\u00e7\u00e3o tem colocado o futuro do bioma em risco.<\/p>\n<p>Hist\u00f3ria<\/p>\n<p>O dia 13 de setembro de 1987 marca o acidente radioativo mais grave da hist\u00f3ria brasileira. Nesta data, dois rapazes encontraram um aparelho de radiologia abandonado nas ru\u00ednas de um antigo hospital de Goi\u00e2nia. Sem saber do que se tratava, venderam o equipamento a um ferro velho, onde ele foi desmontado, provocando o vazamento do material radioativo C\u00e9sio 137. Mais de mil pessoas foram contaminadas e quatro morreram. O epis\u00f3dio tr\u00e1gico foi lembrado pela Ag\u00eancia Brasil, em 2018, pelo Rep\u00f3rter Brasil, da TV Brasil, em 2019, e pelo Revista Brasil, da R\u00e1dio Nacional, em 2024.<\/p>\n<p>Confira a rela\u00e7\u00e3o completa de datas do Hoje \u00e9 Dia de 7 a 13 de Setembro de 2025*<\/p>\n<p>As datas s\u00e3o selecionadas pela equipe de pesquisadores do Projeto Efem\u00e9rides, da Ger\u00eancia de Acervo da Empresa Brasil de Comunica\u00e7\u00e3o (EBC), que traz temas relacionados \u00e0 cultura, hist\u00f3ria, ci\u00eancia e personalidades, sempre ressaltando marcos nacionais e regionais. A Ger\u00eancia de Acervo tamb\u00e9m atende aos pedidos de pesquisa do p\u00fablico externo. Basta enviar um e-mail para centraldepesquisas@ebc.com.br.<\/p>\n","protected":false},"excerpt":{"rendered":"<p>Confira as principais datas da semana entre 7 e 13 de setembro. Rilton Pimentel \u2013 Rep\u00f3rter da Ag\u00eancia Brasil Esta semana temos um dos feriados mais conhecidos dos brasileiros e o anivers\u00e1rio de duas r\u00e1dios integrantes da Empresa Brasil de Comunica\u00e7\u00e3o (EBC). Come\u00e7amos com o Dia da Independ\u00eancia, comemorado em 7 de setembro. Segundos as [&hellip;]<\/p>\n","protected":false},"author":2,"featured_media":32392,"comment_status":"open","ping_status":"open","sticky":false,"template":"","format":"standard","meta":{"footnotes":""},"categories":[1],"tags":[],"_links":{"self":[{"href":"https:\/\/sabuguinho.com.br\/site\/wp-json\/wp\/v2\/posts\/32389"}],"collection":[{"href":"https:\/\/sabuguinho.com.br\/site\/wp-json\/wp\/v2\/posts"}],"about":[{"href":"https:\/\/sabuguinho.com.br\/site\/wp-json\/wp\/v2\/types\/post"}],"author":[{"embeddable":true,"href":"https:\/\/sabuguinho.com.br\/site\/wp-json\/wp\/v2\/users\/2"}],"replies":[{"embeddable":true,"href":"https:\/\/sabuguinho.com.br\/site\/wp-json\/wp\/v2\/comments?post=32389"}],"version-history":[{"count":1,"href":"https:\/\/sabuguinho.com.br\/site\/wp-json\/wp\/v2\/posts\/32389\/revisions"}],"predecessor-version":[{"id":32393,"href":"https:\/\/sabuguinho.com.br\/site\/wp-json\/wp\/v2\/posts\/32389\/revisions\/32393"}],"wp:featuredmedia":[{"embeddable":true,"href":"https:\/\/sabuguinho.com.br\/site\/wp-json\/wp\/v2\/media\/32392"}],"wp:attachment":[{"href":"https:\/\/sabuguinho.com.br\/site\/wp-json\/wp\/v2\/media?parent=32389"}],"wp:term":[{"taxonomy":"category","embeddable":true,"href":"https:\/\/sabuguinho.com.br\/site\/wp-json\/wp\/v2\/categories?post=32389"},{"taxonomy":"post_tag","embeddable":true,"href":"https:\/\/sabuguinho.com.br\/site\/wp-json\/wp\/v2\/tags?post=32389"}],"curies":[{"name":"wp","href":"https:\/\/api.w.org\/{rel}","templated":true}]}}