{"id":32376,"date":"2025-09-07T11:44:53","date_gmt":"2025-09-07T14:44:53","guid":{"rendered":"https:\/\/sabuguinho.com.br\/site\/?p=32376"},"modified":"2025-09-07T11:44:53","modified_gmt":"2025-09-07T14:44:53","slug":"diretor-do-sbt-e-preso-apos-sair-de-motel-com-jornalista-casada","status":"publish","type":"post","link":"https:\/\/sabuguinho.com.br\/site\/diretor-do-sbt-e-preso-apos-sair-de-motel-com-jornalista-casada\/","title":{"rendered":"Diretor do SBT \u00e9 preso ap\u00f3s sair de motel com jornalista casada"},"content":{"rendered":"<p>Jamerson Oliveira tentou fugir da pol\u00edcia e foi detido com a rep\u00f3rter Lara Linhares<\/p>\n<p>Publicado 06\/09\/2025 21:01 | Atualizado 06\/09\/2025 21:47<br \/>\nRio &#8211; O jornalista Jamerson Oliveira, diretor do programa &#8220;Al\u00f4 Juca&#8221; e coordenador de conte\u00fado da TV Aratu, afiliada do SBT, foi preso na madrugada deste s\u00e1bado (6) em Salvador. Ele estava acompanhado da rep\u00f3rter Lara Linhares, que \u00e9 casada, quando deixou um motel e tentou escapar da pol\u00edcia.<br \/>\nO caso ganhou repercuss\u00e3o quando o comunicador Jos\u00e9 Eduardo Alves, o Boc\u00e3o, revelou ao vivo que os dois jornalistas deixavam um motel antes da abordagem. &#8220;A RONDESP trabalhou bem. Jornalista pego saindo do motel com jornalista casada! Teve de tudo nessa madrugada, hein. Droga, sexo e mais&#8221;, declarou.<\/p>\n<p>Detalhes da ocorr\u00eancia<\/p>\n<p>Segundo informa\u00e7\u00f5es do jornalista Gabriel de Oliveira, da coluna Gente, o boletim registra que Jamerson resistiu \u00e0 abordagem e se exaltou, alegando ser diretor de um programa policial de grande audi\u00eancia. Tanto ele quanto Lara foram levados \u00e0 Central de Flagrantes.<br \/>\n&#8220;Na abordagem, o condutor [Jamerson Oliveira] demonstrou comportamento exaltado, resistindo \u00e0 a\u00e7\u00e3o policial e alegando ser diretor de um programa policial de grande audi\u00eancia. Diante dos fatos, o condutor e sua acompanhante [Lara Linhares] foram conduzidos \u00e0 Central de Flagrantes\u201d, diz o documento.<br \/>\nLara foi liberada ap\u00f3s prestar depoimento. Jamerson pagou fian\u00e7a e deixou a pris\u00e3o ainda pela manh\u00e3. Ele responder\u00e1 por suspeita de embriaguez ao volante.<br \/>\nPronunciamento da rep\u00f3rter<br \/>\nCom o caso j\u00e1 repercutindo, Lara publicou um comunicado nas redes sociais. &#8220;Queridos amigos, minha profunda gratid\u00e3o pelas mensagens de apoio e solidariedade recebidas. S\u00e3o nos momentos de adversidade que vemos quem est\u00e1 verdadeiramente ao nosso lado. Como alguns de voc\u00eas j\u00e1 devem ter conhecimento, diversas informa\u00e7\u00f5es est\u00e3o sendo divulgadas a meu respeito. Desejo esclarecer que a maioria das not\u00edcias veiculadas s\u00e3o inver\u00eddicas e n\u00e3o correspondem \u00e0 verdade dos fatos\u201d, afirmou.<br \/>\nEla tamb\u00e9m anunciou medidas contra quem espalhou vers\u00f5es que considera falsas.<br \/>\n&#8220;As pessoas respons\u00e1veis pela dissemina\u00e7\u00e3o desses conte\u00fados j\u00e1 est\u00e3o sendo identificadas para que medidas judiciais cab\u00edveis sejam tomadas. Muito obrigada!&#8221;, concluiu.<\/p>\n<p><img loading=\"lazy\" decoding=\"async\" src=\"https:\/\/sabuguinho.com.br\/site\/wp-content\/uploads\/2025\/09\/captura_de_tela_2025_09_06_210337-36965213-90x150.png\" alt=\"\" width=\"90\" height=\"150\" class=\"alignnone size-medium wp-image-32378\" srcset=\"https:\/\/sabuguinho.com.br\/site\/wp-content\/uploads\/2025\/09\/captura_de_tela_2025_09_06_210337-36965213-90x150.png 90w, https:\/\/sabuguinho.com.br\/site\/wp-content\/uploads\/2025\/09\/captura_de_tela_2025_09_06_210337-36965213-308x512.png 308w, https:\/\/sabuguinho.com.br\/site\/wp-content\/uploads\/2025\/09\/captura_de_tela_2025_09_06_210337-36965213-768x1275.png 768w, https:\/\/sabuguinho.com.br\/site\/wp-content\/uploads\/2025\/09\/captura_de_tela_2025_09_06_210337-36965213-925x1536.png 925w, https:\/\/sabuguinho.com.br\/site\/wp-content\/uploads\/2025\/09\/captura_de_tela_2025_09_06_210337-36965213-1233x2048.png 1233w, https:\/\/sabuguinho.com.br\/site\/wp-content\/uploads\/2025\/09\/captura_de_tela_2025_09_06_210337-36965213-750x1245.png 750w, https:\/\/sabuguinho.com.br\/site\/wp-content\/uploads\/2025\/09\/captura_de_tela_2025_09_06_210337-36965213-1140x1893.png 1140w, https:\/\/sabuguinho.com.br\/site\/wp-content\/uploads\/2025\/09\/captura_de_tela_2025_09_06_210337-36965213.png 1920w\" sizes=\"(max-width: 90px) 100vw, 90px\" \/><\/p>\n","protected":false},"excerpt":{"rendered":"<p>Jamerson Oliveira tentou fugir da pol\u00edcia e foi detido com a rep\u00f3rter Lara Linhares Publicado 06\/09\/2025 21:01 | Atualizado 06\/09\/2025 21:47 Rio &#8211; O jornalista Jamerson Oliveira, diretor do programa &#8220;Al\u00f4 Juca&#8221; e coordenador de conte\u00fado da TV Aratu, afiliada do SBT, foi preso na madrugada deste s\u00e1bado (6) em Salvador. Ele estava acompanhado da [&hellip;]<\/p>\n","protected":false},"author":2,"featured_media":32379,"comment_status":"open","ping_status":"open","sticky":false,"template":"","format":"standard","meta":{"footnotes":""},"categories":[100],"tags":[],"_links":{"self":[{"href":"https:\/\/sabuguinho.com.br\/site\/wp-json\/wp\/v2\/posts\/32376"}],"collection":[{"href":"https:\/\/sabuguinho.com.br\/site\/wp-json\/wp\/v2\/posts"}],"about":[{"href":"https:\/\/sabuguinho.com.br\/site\/wp-json\/wp\/v2\/types\/post"}],"author":[{"embeddable":true,"href":"https:\/\/sabuguinho.com.br\/site\/wp-json\/wp\/v2\/users\/2"}],"replies":[{"embeddable":true,"href":"https:\/\/sabuguinho.com.br\/site\/wp-json\/wp\/v2\/comments?post=32376"}],"version-history":[{"count":1,"href":"https:\/\/sabuguinho.com.br\/site\/wp-json\/wp\/v2\/posts\/32376\/revisions"}],"predecessor-version":[{"id":32380,"href":"https:\/\/sabuguinho.com.br\/site\/wp-json\/wp\/v2\/posts\/32376\/revisions\/32380"}],"wp:featuredmedia":[{"embeddable":true,"href":"https:\/\/sabuguinho.com.br\/site\/wp-json\/wp\/v2\/media\/32379"}],"wp:attachment":[{"href":"https:\/\/sabuguinho.com.br\/site\/wp-json\/wp\/v2\/media?parent=32376"}],"wp:term":[{"taxonomy":"category","embeddable":true,"href":"https:\/\/sabuguinho.com.br\/site\/wp-json\/wp\/v2\/categories?post=32376"},{"taxonomy":"post_tag","embeddable":true,"href":"https:\/\/sabuguinho.com.br\/site\/wp-json\/wp\/v2\/tags?post=32376"}],"curies":[{"name":"wp","href":"https:\/\/api.w.org\/{rel}","templated":true}]}}