{"id":32353,"date":"2025-09-06T20:44:21","date_gmt":"2025-09-06T23:44:21","guid":{"rendered":"https:\/\/sabuguinho.com.br\/site\/?p=32353"},"modified":"2025-09-06T20:44:21","modified_gmt":"2025-09-06T23:44:21","slug":"%f0%9f%87%a7%f0%9f%87%b7%e2%9c%a8-7-de-setembro-dia-da-independencia-do-brasil-%e2%9c%a8%f0%9f%87%a7%f0%9f%87%b7","status":"publish","type":"post","link":"https:\/\/sabuguinho.com.br\/site\/%f0%9f%87%a7%f0%9f%87%b7%e2%9c%a8-7-de-setembro-dia-da-independencia-do-brasil-%e2%9c%a8%f0%9f%87%a7%f0%9f%87%b7\/","title":{"rendered":"\ud83c\udde7\ud83c\uddf7\u2728 7 de Setembro \u2013 Dia da Independ\u00eancia do Brasil \u2728\ud83c\udde7\ud83c\uddf7"},"content":{"rendered":"<p>Hoje celebramos a data que marcou a conquista da nossa liberdade e reafirmamos o orgulho de ser brasileiros. O 7 de Setembro nos lembra da for\u00e7a de um povo que acreditou em sua independ\u00eancia e construiu, com coragem e esperan\u00e7a, o caminho para um futuro melhor.<br \/>\nQue este dia inspire em cada um de n\u00f3s o compromisso de continuar trabalhando pelo desenvolvimento, pela justi\u00e7a e pelo progresso do nosso pa\u00eds. Unidos, fortalecemos nossa na\u00e7\u00e3o e mantemos viva a chama da independ\u00eancia em nossos cora\u00e7\u00f5es.<\/p>\n<p>\ud83d\udc9a\ud83d\udc9b Orgulho de nossa hist\u00f3ria. Esperan\u00e7a no nosso futuro. \ud83c\udde7\ud83c\uddf7<\/p>\n<p>\u00c9rica Fahl.<br \/>\nComunica\u00e7\u00e3o ACIA.<br \/>\n(14)3711-1366.<\/p>\n","protected":false},"excerpt":{"rendered":"<p>Hoje celebramos a data que marcou a conquista da nossa liberdade e reafirmamos o orgulho de ser brasileiros. O 7 de Setembro nos lembra da for\u00e7a de um povo que acreditou em sua independ\u00eancia e construiu, com coragem e esperan\u00e7a, o caminho para um futuro melhor. Que este dia inspire em cada um de n\u00f3s [&hellip;]<\/p>\n","protected":false},"author":2,"featured_media":32354,"comment_status":"open","ping_status":"open","sticky":false,"template":"","format":"standard","meta":{"footnotes":""},"categories":[129],"tags":[],"_links":{"self":[{"href":"https:\/\/sabuguinho.com.br\/site\/wp-json\/wp\/v2\/posts\/32353"}],"collection":[{"href":"https:\/\/sabuguinho.com.br\/site\/wp-json\/wp\/v2\/posts"}],"about":[{"href":"https:\/\/sabuguinho.com.br\/site\/wp-json\/wp\/v2\/types\/post"}],"author":[{"embeddable":true,"href":"https:\/\/sabuguinho.com.br\/site\/wp-json\/wp\/v2\/users\/2"}],"replies":[{"embeddable":true,"href":"https:\/\/sabuguinho.com.br\/site\/wp-json\/wp\/v2\/comments?post=32353"}],"version-history":[{"count":1,"href":"https:\/\/sabuguinho.com.br\/site\/wp-json\/wp\/v2\/posts\/32353\/revisions"}],"predecessor-version":[{"id":32355,"href":"https:\/\/sabuguinho.com.br\/site\/wp-json\/wp\/v2\/posts\/32353\/revisions\/32355"}],"wp:featuredmedia":[{"embeddable":true,"href":"https:\/\/sabuguinho.com.br\/site\/wp-json\/wp\/v2\/media\/32354"}],"wp:attachment":[{"href":"https:\/\/sabuguinho.com.br\/site\/wp-json\/wp\/v2\/media?parent=32353"}],"wp:term":[{"taxonomy":"category","embeddable":true,"href":"https:\/\/sabuguinho.com.br\/site\/wp-json\/wp\/v2\/categories?post=32353"},{"taxonomy":"post_tag","embeddable":true,"href":"https:\/\/sabuguinho.com.br\/site\/wp-json\/wp\/v2\/tags?post=32353"}],"curies":[{"name":"wp","href":"https:\/\/api.w.org\/{rel}","templated":true}]}}