{"id":32331,"date":"2025-09-06T15:37:31","date_gmt":"2025-09-06T18:37:31","guid":{"rendered":"https:\/\/sabuguinho.com.br\/site\/?p=32331"},"modified":"2025-09-06T15:37:31","modified_gmt":"2025-09-06T18:37:31","slug":"um-trem-especial-de-assis-para-a-canonizacao-de-acutis","status":"publish","type":"post","link":"https:\/\/sabuguinho.com.br\/site\/um-trem-especial-de-assis-para-a-canonizacao-de-acutis\/","title":{"rendered":"Um trem especial de Assis para a canoniza\u00e7\u00e3o de Acutis"},"content":{"rendered":"<p>Oitocentos peregrinos da \u00dambria chegar\u00e3o diretamente \u00e0 esta\u00e7\u00e3o ferrovi\u00e1ria dentro do Vaticano, a poucos passos da Pra\u00e7a de S\u00e3o Pedro. A iniciativa, acolhida com grande entusiasmo pelos fi\u00e9is, teve como objetivo incentivar a participa\u00e7\u00e3o na celebra\u00e7\u00e3o presidida pelo Papa<br \/>\nLe\u00e3o XIV.<\/p>\n<p>Eugenio Bonanata \u2013 Cidade do Vaticano<\/p>\n<p>Lugares esgotados em poucos dias. Esta foi a resposta dos fi\u00e9is da \u00dambria ao trem especial que os trar\u00e1 ao Vaticano amanh\u00e3, 7 de setembro, para a canoniza\u00e7\u00e3o do Beato Carlo Acutis. O itiner\u00e1rio inclui partida ao amanhecer da Bas\u00edlica Santa Maria degli Angeli e parada em Foligno antes de seguir para Roma. O ponto de chegada, logo cedo pela manh\u00e3, ser\u00e1 a esta\u00e7\u00e3o dentro do Estado da Cidade do Vaticano, a poucos passos da Pra\u00e7a de S\u00e3o Pedro, onde ser\u00e1 celebrada a Missa presidida pelo Papa Le\u00e3o XIV.<\/p>\n<p>Jovens e fam\u00edlias a bordo<\/p>\n<p>A iniciativa, retomada ap\u00f3s o adiamento da data de canoniza\u00e7\u00e3o inicialmente prevista para 27 de abril, \u00e9 um projeto das duas Dioceses irm\u00e3s de Assis-Nocera Umbra-Gualdo Tadino e Foligno, guiadas pelo bispo Dom Domenico Sorrentino. O objetivo \u00e9 incentivar a participa\u00e7\u00e3o, evitando poss\u00edveis interrup\u00e7\u00f5es no tr\u00e2nsito e na log\u00edstica.<br \/>\n&#8220;Um total de 800 peregrinos j\u00e1 garantiram sua reserva&#8221;, conta Marina Rosati, diretora de comunica\u00e7\u00e3o da Diocese de Assis, em entrevista \u00e0 R\u00e1dio Vaticano. &#8220;A resposta dos fi\u00e9is foi imediata&#8221;, acrescentou, especificando que foram as par\u00f3quias que divulgaram a not\u00edcia do trem e os detalhes da inscri\u00e7\u00e3o.<br \/>\n&#8220;A bordo &#8211; continuou &#8211; n\u00e3o est\u00e3o apenas jovens, mas tamb\u00e9m muitas fam\u00edlias&#8221;. Todos est\u00e3o unidos por um sentimento: a grande alegria de participar da t\u00e3o esperada celebra\u00e7\u00e3o.<\/p>\n<p>Apoio aos peregrinos<\/p>\n<p>A equipe ferrovi\u00e1ria e os volunt\u00e1rios auxiliar\u00e3o o grande grupo, que tamb\u00e9m ser\u00e1 respons\u00e1vel por apoiar os peregrinos em sua viagem de retorno, programada para o mesmo trem, que partir\u00e1 \u00e0 tarde da Esta\u00e7\u00e3o de S\u00e3o Pedro, nas proximidades do Vaticano. A viagem ter\u00e1 a dura\u00e7\u00e3o de cerca duas horas, e certamnente a manh\u00e3 passada juntos a caminho de Roma tamb\u00e9m ser\u00e1 uma oportunidade de conex\u00e3o espiritual com a celebra\u00e7\u00e3o. &#8220;A bordo &#8211; explica Rosati &#8211; haver\u00e1 anima\u00e7\u00e3o lit\u00fargica a cargo do Pe. Marco Gaballo, reitor do Santu\u00e1rio do Despojamento.&#8221;<\/p>\n<p>120.000 visitantes no Santu\u00e1rio do Despojamento<\/p>\n<p>Este santu\u00e1rio, adjacente ao Pal\u00e1cio Episcopal em Assis, \u00e9 um local-chave na biografia de S\u00e3o Francisco e na hist\u00f3ria de Carlo. Como se sabe, \u00e9 ali que repousam os restos mortais do jovem beato, e \u00e9 para l\u00e1 que milhares de peregrinos se dirigem todas as semanas. Durante o Ano Santo, e particularmente em conjunto com o Jubileu da Juventude, o fluxo de peregrinos intensificou-se consideravelmente. &#8220;Antes ou depois dos eventos de Tor Vergata&#8221;, afirma Marina, &#8220;grupos de todo o mundo visitaram o t\u00famulo de Carlo Acutis. Para dar um n\u00famero total, de 27 de julho a 27 de agosto, registramos aproximadamente 120.000 visitas ao Santu\u00e1rio da Spogliazione.&#8221;<\/p>\n<p>Aproximar as pessoas \u00e0 f\u00e9<\/p>\n<p>Esta \u00e9, sem d\u00favida, uma descoberta muito significativa, embora haja outros aspectos a considerar. Refere-se sobretudo \u00e0s muitas hist\u00f3rias que se desenvolveram em torno da devo\u00e7\u00e3o a Carlo Acutis. &#8220;Estou impressionada ao ver tantas pessoas de diferentes origens sociais, idades, l\u00ednguas e origens, que recorrem a Carlo todos os dias em busca de sa\u00fade, trabalho, felicidade familiar e o futuro de seus filhos.&#8221; Especialistas est\u00e3o examinando alguns relatos espec\u00edficos, mas pequenos sinais de f\u00e9 n\u00e3o faltam. E estes s\u00e3o precisamente os indicadores mais eloquentes do extraordin\u00e1rio poder desta figura. &#8220;O verdadeiro milagre de Carlo &#8211; conclui Rosati &#8211; \u00e9 que ele trouxe tantas pessoas de volta \u00e0 f\u00e9, \u00e0 Igreja e \u00e0 ora\u00e7\u00e3o.&#8221;<\/p>\n","protected":false},"excerpt":{"rendered":"<p>Oitocentos peregrinos da \u00dambria chegar\u00e3o diretamente \u00e0 esta\u00e7\u00e3o ferrovi\u00e1ria dentro do Vaticano, a poucos passos da Pra\u00e7a de S\u00e3o Pedro. A iniciativa, acolhida com grande entusiasmo pelos fi\u00e9is, teve como objetivo incentivar a participa\u00e7\u00e3o na celebra\u00e7\u00e3o presidida pelo Papa Le\u00e3o XIV. Eugenio Bonanata \u2013 Cidade do Vaticano Lugares esgotados em poucos dias. Esta foi a [&hellip;]<\/p>\n","protected":false},"author":2,"featured_media":32332,"comment_status":"open","ping_status":"open","sticky":false,"template":"","format":"standard","meta":{"footnotes":""},"categories":[128,94],"tags":[],"_links":{"self":[{"href":"https:\/\/sabuguinho.com.br\/site\/wp-json\/wp\/v2\/posts\/32331"}],"collection":[{"href":"https:\/\/sabuguinho.com.br\/site\/wp-json\/wp\/v2\/posts"}],"about":[{"href":"https:\/\/sabuguinho.com.br\/site\/wp-json\/wp\/v2\/types\/post"}],"author":[{"embeddable":true,"href":"https:\/\/sabuguinho.com.br\/site\/wp-json\/wp\/v2\/users\/2"}],"replies":[{"embeddable":true,"href":"https:\/\/sabuguinho.com.br\/site\/wp-json\/wp\/v2\/comments?post=32331"}],"version-history":[{"count":1,"href":"https:\/\/sabuguinho.com.br\/site\/wp-json\/wp\/v2\/posts\/32331\/revisions"}],"predecessor-version":[{"id":32333,"href":"https:\/\/sabuguinho.com.br\/site\/wp-json\/wp\/v2\/posts\/32331\/revisions\/32333"}],"wp:featuredmedia":[{"embeddable":true,"href":"https:\/\/sabuguinho.com.br\/site\/wp-json\/wp\/v2\/media\/32332"}],"wp:attachment":[{"href":"https:\/\/sabuguinho.com.br\/site\/wp-json\/wp\/v2\/media?parent=32331"}],"wp:term":[{"taxonomy":"category","embeddable":true,"href":"https:\/\/sabuguinho.com.br\/site\/wp-json\/wp\/v2\/categories?post=32331"},{"taxonomy":"post_tag","embeddable":true,"href":"https:\/\/sabuguinho.com.br\/site\/wp-json\/wp\/v2\/tags?post=32331"}],"curies":[{"name":"wp","href":"https:\/\/api.w.org\/{rel}","templated":true}]}}