{"id":32168,"date":"2025-09-04T15:05:09","date_gmt":"2025-09-04T18:05:09","guid":{"rendered":"https:\/\/sabuguinho.com.br\/site\/?p=32168"},"modified":"2025-09-04T15:05:09","modified_gmt":"2025-09-04T18:05:09","slug":"meio-ambiente-servidores-participam-de-curso-sobre-manejo-de-animais-silvestres","status":"publish","type":"post","link":"https:\/\/sabuguinho.com.br\/site\/meio-ambiente-servidores-participam-de-curso-sobre-manejo-de-animais-silvestres\/","title":{"rendered":"MEIO AMBIENTE  &#8211; Servidores participam de curso sobre manejo de animais silvestres"},"content":{"rendered":"<p>Capacita\u00e7\u00e3o ministrada pelo bi\u00f3logo Thiago Godoi abordou t\u00e9cnicas e a\u00e7\u00f5es de rotina e emerg\u00eancia_ <\/p>\n<p>Servidores das secretarias municipais do Meio Ambiente, Agricultura e Defesa Civil participaram de um curso sobre manejo de fauna silvestre realizado recentemente no Horto Florestal de Avar\u00e9.<br \/>\nA capacita\u00e7\u00e3o foi ministrada pelo bi\u00f3logo Thiago Godoi, secret\u00e1rio Municipal de Meio Ambiente de Cerqueira C\u00e9sar.<br \/>\nDurante o encontro, o convidado fez a demonstra\u00e7\u00e3o do manejo correto de diversos animais, incluindo cobras.<br \/>\nO protocolo sobre a destina\u00e7\u00e3o de animais tanto para reabilita\u00e7\u00e3o quanto para soltura foi outro tema abordado na ocasi\u00e3o. <\/p>\n<p>*Prote\u00e7\u00e3o da biodiversidade*<\/p>\n<p>Com a proximidade da primavera e do ver\u00e3o, h\u00e1 uma tend\u00eancia no aumento de ocorr\u00eancias envolvendo a fauna silvestre.<br \/>\n\u201cO objetivo da capacita\u00e7\u00e3o foi fortalecer as a\u00e7\u00f5es regionais de prote\u00e7\u00e3o \u00e0 biodiversidade, capacitando equipes t\u00e9cnicas para o manejo adequado da fauna silvestre, tanto em situa\u00e7\u00f5es de rotina quanto de emerg\u00eancia\u201d, destaca a Secretaria Municipal do Meio Ambiente.<br \/>\nAo final do encontro, os participantes puderam colocar em pr\u00e1tica os ensinamentos e interagir com uma cobra de grande porte com a devida supervis\u00e3o do bi\u00f3logo.<\/p>\n<p><img loading=\"lazy\" decoding=\"async\" src=\"https:\/\/sabuguinho.com.br\/site\/wp-content\/uploads\/2025\/09\/IMG-20250904-WA0091-100x150.jpg\" alt=\"\" width=\"100\" height=\"150\" class=\"alignnone size-medium wp-image-32169\" srcset=\"https:\/\/sabuguinho.com.br\/site\/wp-content\/uploads\/2025\/09\/IMG-20250904-WA0091-100x150.jpg 100w, https:\/\/sabuguinho.com.br\/site\/wp-content\/uploads\/2025\/09\/IMG-20250904-WA0091-341x512.jpg 341w, https:\/\/sabuguinho.com.br\/site\/wp-content\/uploads\/2025\/09\/IMG-20250904-WA0091-768x1153.jpg 768w, https:\/\/sabuguinho.com.br\/site\/wp-content\/uploads\/2025\/09\/IMG-20250904-WA0091-1023x1536.jpg 1023w, https:\/\/sabuguinho.com.br\/site\/wp-content\/uploads\/2025\/09\/IMG-20250904-WA0091-750x1126.jpg 750w, https:\/\/sabuguinho.com.br\/site\/wp-content\/uploads\/2025\/09\/IMG-20250904-WA0091.jpg 1066w\" sizes=\"(max-width: 100px) 100vw, 100px\" \/><\/p>\n<p><img loading=\"lazy\" decoding=\"async\" src=\"https:\/\/sabuguinho.com.br\/site\/wp-content\/uploads\/2025\/09\/IMG-20250904-WA0090-100x150.jpg\" alt=\"\" width=\"100\" height=\"150\" class=\"alignnone size-medium wp-image-32170\" srcset=\"https:\/\/sabuguinho.com.br\/site\/wp-content\/uploads\/2025\/09\/IMG-20250904-WA0090-100x150.jpg 100w, https:\/\/sabuguinho.com.br\/site\/wp-content\/uploads\/2025\/09\/IMG-20250904-WA0090-341x512.jpg 341w, https:\/\/sabuguinho.com.br\/site\/wp-content\/uploads\/2025\/09\/IMG-20250904-WA0090-768x1153.jpg 768w, https:\/\/sabuguinho.com.br\/site\/wp-content\/uploads\/2025\/09\/IMG-20250904-WA0090-1023x1536.jpg 1023w, https:\/\/sabuguinho.com.br\/site\/wp-content\/uploads\/2025\/09\/IMG-20250904-WA0090-750x1126.jpg 750w, https:\/\/sabuguinho.com.br\/site\/wp-content\/uploads\/2025\/09\/IMG-20250904-WA0090.jpg 1066w\" sizes=\"(max-width: 100px) 100vw, 100px\" \/><\/p>\n","protected":false},"excerpt":{"rendered":"<p>Capacita\u00e7\u00e3o ministrada pelo bi\u00f3logo Thiago Godoi abordou t\u00e9cnicas e a\u00e7\u00f5es de rotina e emerg\u00eancia_ Servidores das secretarias municipais do Meio Ambiente, Agricultura e Defesa Civil participaram de um curso sobre manejo de fauna silvestre realizado recentemente no Horto Florestal de Avar\u00e9. A capacita\u00e7\u00e3o foi ministrada pelo bi\u00f3logo Thiago Godoi, secret\u00e1rio Municipal de Meio Ambiente de [&hellip;]<\/p>\n","protected":false},"author":2,"featured_media":32171,"comment_status":"open","ping_status":"open","sticky":false,"template":"","format":"standard","meta":{"footnotes":""},"categories":[58],"tags":[],"_links":{"self":[{"href":"https:\/\/sabuguinho.com.br\/site\/wp-json\/wp\/v2\/posts\/32168"}],"collection":[{"href":"https:\/\/sabuguinho.com.br\/site\/wp-json\/wp\/v2\/posts"}],"about":[{"href":"https:\/\/sabuguinho.com.br\/site\/wp-json\/wp\/v2\/types\/post"}],"author":[{"embeddable":true,"href":"https:\/\/sabuguinho.com.br\/site\/wp-json\/wp\/v2\/users\/2"}],"replies":[{"embeddable":true,"href":"https:\/\/sabuguinho.com.br\/site\/wp-json\/wp\/v2\/comments?post=32168"}],"version-history":[{"count":1,"href":"https:\/\/sabuguinho.com.br\/site\/wp-json\/wp\/v2\/posts\/32168\/revisions"}],"predecessor-version":[{"id":32172,"href":"https:\/\/sabuguinho.com.br\/site\/wp-json\/wp\/v2\/posts\/32168\/revisions\/32172"}],"wp:featuredmedia":[{"embeddable":true,"href":"https:\/\/sabuguinho.com.br\/site\/wp-json\/wp\/v2\/media\/32171"}],"wp:attachment":[{"href":"https:\/\/sabuguinho.com.br\/site\/wp-json\/wp\/v2\/media?parent=32168"}],"wp:term":[{"taxonomy":"category","embeddable":true,"href":"https:\/\/sabuguinho.com.br\/site\/wp-json\/wp\/v2\/categories?post=32168"},{"taxonomy":"post_tag","embeddable":true,"href":"https:\/\/sabuguinho.com.br\/site\/wp-json\/wp\/v2\/tags?post=32168"}],"curies":[{"name":"wp","href":"https:\/\/api.w.org\/{rel}","templated":true}]}}