{"id":32164,"date":"2025-09-04T14:39:22","date_gmt":"2025-09-04T17:39:22","guid":{"rendered":"https:\/\/sabuguinho.com.br\/site\/?p=32164"},"modified":"2025-09-04T14:39:22","modified_gmt":"2025-09-04T17:39:22","slug":"carro-capota-em-frente-a-emapa-em-avare","status":"publish","type":"post","link":"https:\/\/sabuguinho.com.br\/site\/carro-capota-em-frente-a-emapa-em-avare\/","title":{"rendered":"CARRO CAPOTA EM FRENTE A EMAPA EM AVAR\u00c9"},"content":{"rendered":"<p>Um carro capotou na tarde desta quinta-feira (4), na Avenida Mario Covas, em Avar\u00e9. O acidente ocorreu em frente ao Parque de Exposi\u00e7\u00f5es \u2013 Emapa.<br \/>\nDe acordo com as informa\u00e7\u00f5es, o ve\u00edculo seguia pela via quando, por motivos ainda desconhecidos, acabou capotando.<br \/>\nEquipes de resgate do Corpo de Bombeiros e a Pol\u00edcia Militar foram acionadas para atender a ocorr\u00eancia.<br \/>\nN\u00e3o houve feridos no acidente. As causas do capotamento ser\u00e3o investigadas.<\/p>\n<p>Mat\u00e9ria em atualiza\u00e7\u00e3o.<\/p>\n<p>Legenda<br \/>\nCARRO CAPOTA EM FRENTE A EMAPA EM AVAR\u00c9<\/p>\n","protected":false},"excerpt":{"rendered":"<p>Um carro capotou na tarde desta quinta-feira (4), na Avenida Mario Covas, em Avar\u00e9. O acidente ocorreu em frente ao Parque de Exposi\u00e7\u00f5es \u2013 Emapa. De acordo com as informa\u00e7\u00f5es, o ve\u00edculo seguia pela via quando, por motivos ainda desconhecidos, acabou capotando. Equipes de resgate do Corpo de Bombeiros e a Pol\u00edcia Militar foram acionadas [&hellip;]<\/p>\n","protected":false},"author":2,"featured_media":32165,"comment_status":"open","ping_status":"open","sticky":false,"template":"","format":"standard","meta":{"footnotes":""},"categories":[100],"tags":[],"_links":{"self":[{"href":"https:\/\/sabuguinho.com.br\/site\/wp-json\/wp\/v2\/posts\/32164"}],"collection":[{"href":"https:\/\/sabuguinho.com.br\/site\/wp-json\/wp\/v2\/posts"}],"about":[{"href":"https:\/\/sabuguinho.com.br\/site\/wp-json\/wp\/v2\/types\/post"}],"author":[{"embeddable":true,"href":"https:\/\/sabuguinho.com.br\/site\/wp-json\/wp\/v2\/users\/2"}],"replies":[{"embeddable":true,"href":"https:\/\/sabuguinho.com.br\/site\/wp-json\/wp\/v2\/comments?post=32164"}],"version-history":[{"count":1,"href":"https:\/\/sabuguinho.com.br\/site\/wp-json\/wp\/v2\/posts\/32164\/revisions"}],"predecessor-version":[{"id":32166,"href":"https:\/\/sabuguinho.com.br\/site\/wp-json\/wp\/v2\/posts\/32164\/revisions\/32166"}],"wp:featuredmedia":[{"embeddable":true,"href":"https:\/\/sabuguinho.com.br\/site\/wp-json\/wp\/v2\/media\/32165"}],"wp:attachment":[{"href":"https:\/\/sabuguinho.com.br\/site\/wp-json\/wp\/v2\/media?parent=32164"}],"wp:term":[{"taxonomy":"category","embeddable":true,"href":"https:\/\/sabuguinho.com.br\/site\/wp-json\/wp\/v2\/categories?post=32164"},{"taxonomy":"post_tag","embeddable":true,"href":"https:\/\/sabuguinho.com.br\/site\/wp-json\/wp\/v2\/tags?post=32164"}],"curies":[{"name":"wp","href":"https:\/\/api.w.org\/{rel}","templated":true}]}}