{"id":32059,"date":"2025-09-03T22:36:10","date_gmt":"2025-09-04T01:36:10","guid":{"rendered":"https:\/\/sabuguinho.com.br\/site\/?p=32059"},"modified":"2025-09-03T22:36:10","modified_gmt":"2025-09-04T01:36:10","slug":"flamengo-recusa-oferta-de-r-97-milhoes-do-al-rayyan-por-pedro-e-torcedores-criticam-proposta-vergonhosa","status":"publish","type":"post","link":"https:\/\/sabuguinho.com.br\/site\/flamengo-recusa-oferta-de-r-97-milhoes-do-al-rayyan-por-pedro-e-torcedores-criticam-proposta-vergonhosa\/","title":{"rendered":"Flamengo recusa oferta de R$ 97 milh\u00f5es, do Al-Rayyan, por Pedro e torcedores criticam: \u201cProposta vergonhosa\u201d"},"content":{"rendered":"<p>O atacante vive uma excelente fase no clube, apresentando n\u00fameros expressivos desde que recebeu cobran\u00e7as p\u00fablicas de Filipe Lu\u00eds<\/p>\n<p>Caian Oliveira \u00e9 jornalista formado pela Faculdade An\u00edsio Teixeira. Sempre no jornalismo esportivo, j\u00e1 passou emissoras de r\u00e1dio, sendo setorista dos clubes de Feira de Santana, interior da Bahia. No jornalismo digital, passou 4 anos em sites como Trivela, Premier League Brasil, Um Dois Esportes, entre outros. Inclusive acumulou grande experi\u00eancia na \u00e1rea de iGaming e conte\u00fados gen\u00e9ricos.<br \/>\n Acesse o perfil do autor no Twitter<br \/>\nCaian Oliveira<\/p>\n<p>Por Caian Oliveira<\/p>\n<p>De acordo com informa\u00e7\u00f5es do Ge, o Flamengo recebeu, nesta quarta-feira (3), uma oferta de transfer\u00eancia pelo centroavante Pedro. Por\u00e9m, o clube carioca n\u00e3o achou o valor de R$ 97 milh\u00f5es atrativo, e nem abriu negocia\u00e7\u00f5es, recha\u00e7ando qualquer chance de sucesso. Assim, os torcedores rubro-negros repercutiram a situa\u00e7\u00e3o nas redes sociais.<br \/>\nSegundo informa\u00e7\u00f5es, o Flamengo recebeu um contato atrav\u00e9s do CEO da Qatar Stars League, a liga do pa\u00eds, falando sobre o interesse do Al-Rayyan por Pedro. Por\u00e9m, o valor de 18 milh\u00f5es de d\u00f3lares (R$ 97 milh\u00f5es) n\u00e3o chamou a aten\u00e7\u00e3o. Assim, a diretoria do Rubro-negro apenas respondeu que n\u00e3o h\u00e1 interesse em negociar jogadores importantes no momento.<br \/>\nEnquanto isso, outro flamenguista analisou que o valor seria baixo demais para o status que Pedro ocupa neste momento: \u201c18 milh\u00f5es [de d\u00f3lares] pelo melhor camisa 9 do pa\u00eds, vai levar sim\u2026\u201d, ironizou. J\u00e1 outro torcedor indicou um valor mais aceit\u00e1vel: \u201cPedro n\u00e3o sai por menos de 30 milh\u00f5es de euros (R$ 191 milh\u00f5es)\u201d, escreveu.<br \/>\nPor fim, outro torcedor do Flamengo aumentou ainda mais o valor do centroavante, valorizando ainda mais o \u00eddolo rubro-negro. \u201c50 milh\u00f5es de euros (R$ 319 milh\u00f5es) e podem levar. Menos do que isso, o Flamengo nem deveria dar aten\u00e7\u00e3o\u201d, opinou.<\/p>\n<p>Pedro atravessa excelente fase no Flamengo<\/p>\n<p>O centroavante Pedro esteve relacionado em pol\u00eamicas, quando o t\u00e9cnico Filipe Lu\u00eds exp\u00f4s sua falta de intensidade em treinamentos. Al\u00e9m disso, tamb\u00e9m houve o epis\u00f3dio dos prints que mostravam um diretor do Flamengo dizendo que queria vend\u00ea-lo por 15 milh\u00f5es de euros ainda nessa janela.<br \/>\nNo entanto, desde ent\u00e3o, Pedro voltou a ser um dos melhores jogadores do elenco, e atravessa uma fase sensacional no clube. O atacante fez 7 gols e deu 2 assist\u00eancias em 11 partidas desde os epis\u00f3dios pol\u00eamicos. Al\u00e9m disso, ele recebeu muitos elogios por participar mais ativamente da fase defensiva do jogo<\/p>\n<p>Legenda<br \/>\nPedro comemora gol pelo Flamengo. (Foto: Buda Mendes\/Getty Images)<\/p>\n","protected":false},"excerpt":{"rendered":"<p>O atacante vive uma excelente fase no clube, apresentando n\u00fameros expressivos desde que recebeu cobran\u00e7as p\u00fablicas de Filipe Lu\u00eds Caian Oliveira \u00e9 jornalista formado pela Faculdade An\u00edsio Teixeira. Sempre no jornalismo esportivo, j\u00e1 passou emissoras de r\u00e1dio, sendo setorista dos clubes de Feira de Santana, interior da Bahia. No jornalismo digital, passou 4 anos em [&hellip;]<\/p>\n","protected":false},"author":2,"featured_media":32062,"comment_status":"open","ping_status":"open","sticky":false,"template":"","format":"standard","meta":{"footnotes":""},"categories":[45],"tags":[],"_links":{"self":[{"href":"https:\/\/sabuguinho.com.br\/site\/wp-json\/wp\/v2\/posts\/32059"}],"collection":[{"href":"https:\/\/sabuguinho.com.br\/site\/wp-json\/wp\/v2\/posts"}],"about":[{"href":"https:\/\/sabuguinho.com.br\/site\/wp-json\/wp\/v2\/types\/post"}],"author":[{"embeddable":true,"href":"https:\/\/sabuguinho.com.br\/site\/wp-json\/wp\/v2\/users\/2"}],"replies":[{"embeddable":true,"href":"https:\/\/sabuguinho.com.br\/site\/wp-json\/wp\/v2\/comments?post=32059"}],"version-history":[{"count":1,"href":"https:\/\/sabuguinho.com.br\/site\/wp-json\/wp\/v2\/posts\/32059\/revisions"}],"predecessor-version":[{"id":32063,"href":"https:\/\/sabuguinho.com.br\/site\/wp-json\/wp\/v2\/posts\/32059\/revisions\/32063"}],"wp:featuredmedia":[{"embeddable":true,"href":"https:\/\/sabuguinho.com.br\/site\/wp-json\/wp\/v2\/media\/32062"}],"wp:attachment":[{"href":"https:\/\/sabuguinho.com.br\/site\/wp-json\/wp\/v2\/media?parent=32059"}],"wp:term":[{"taxonomy":"category","embeddable":true,"href":"https:\/\/sabuguinho.com.br\/site\/wp-json\/wp\/v2\/categories?post=32059"},{"taxonomy":"post_tag","embeddable":true,"href":"https:\/\/sabuguinho.com.br\/site\/wp-json\/wp\/v2\/tags?post=32059"}],"curies":[{"name":"wp","href":"https:\/\/api.w.org\/{rel}","templated":true}]}}