{"id":32055,"date":"2025-09-03T22:04:43","date_gmt":"2025-09-04T01:04:43","guid":{"rendered":"https:\/\/sabuguinho.com.br\/site\/?p=32055"},"modified":"2025-09-03T22:04:43","modified_gmt":"2025-09-04T01:04:43","slug":"avare-tce-sp-suspende-programa-de-escolas-civico-militares-no-estado-de-sp-avare-e-impactada","status":"publish","type":"post","link":"https:\/\/sabuguinho.com.br\/site\/avare-tce-sp-suspende-programa-de-escolas-civico-militares-no-estado-de-sp-avare-e-impactada\/","title":{"rendered":"Avar\u00e9 &#8211; TCE-SP SUSPENDE PROGRAMA DE ESCOLAS C\u00cdVICO-MILITARES NO ESTADO DE SP; AVAR\u00c9 \u00c9 IMPACTADA"},"content":{"rendered":"<p>Decis\u00e3o do Tribunal de Contas aponta falhas graves na implanta\u00e7\u00e3o do projeto, incluindo desvio de finalidade de verbas e inconstitucionalidade<\/p>\n<p>O Tribunal de Contas do Estado de S\u00e3o Paulo (TCE-SP) determinou, nesta quarta-feira (3), a suspens\u00e3o imediata do Programa Escola C\u00edvico-Militar, institu\u00eddo pelo governo estadual sob gest\u00e3o do governador Tarc\u00edsio de Freitas (Republicanos). A decis\u00e3o afeta diretamente a cidade de Avar\u00e9, onde a Escola Estadual Dona Maria Izabel Cruz Pimentel, que atende cerca de 570 alunos, estava prestes a adotar o modelo a partir de 8 de setembro.<br \/>\nO TCE-SP identificou irregularidades graves no programa, incluindo:<br \/>\nDesvio de finalidade: Uso de verbas da Educa\u00e7\u00e3o para pagamento de policiais militares;<br \/>\nFalta de planejamento: Aus\u00eancia de estudos de impacto or\u00e7ament\u00e1rio, metas e indicadores de desempenho;<\/p>\n<p>Inconstitucionalidade: Viola\u00e7\u00e3o da Constitui\u00e7\u00e3o e da Lei de Diretrizes e Bases da Educa\u00e7\u00e3o (LDB).<\/p>\n<p>A decis\u00e3o atende a uma representa\u00e7\u00e3o do Coletivo Educa\u00e7\u00e3o em 1\u00ba Lugar, integrado por parlamentares do PSOL. A deputada federal Professora Luciene Cavalcante classificou o edital do governo como \u201cabsurdo, abusivo e inconstitucional\u201d.  \u201cN\u00e3o h\u00e1 qualquer estimativa do impacto que isso causaria ao er\u00e1rio p\u00fablico\u201d, afirmou.<br \/>\nO programa havia sido suspenso em agosto pelo Tribunal de Justi\u00e7a de S\u00e3o Paulo (TJ-SP), mas foi retomado dias depois. Em novembro de 2024, o ministro Gilmar Mendes, do STF, concedeu liminar favor\u00e1vel ao governo, permitindo a continuidade do projeto. No entanto, o TCE-SP agora barra a execu\u00e7\u00e3o, exigindo:<\/p>\n<p>Estudos de impacto financeiro;<br \/>\nPlanejamento detalhado;<\/p>\n<p>Comprova\u00e7\u00e3o de conformidade com a legisla\u00e7\u00e3o educacional.<\/p>\n<p>A Escola Dona Maria Izabel Cruz Pimentel seria uma das primeiras a implementar o modelo na regi\u00e3o. Com a suspens\u00e3o, a unidade, que oferece Ensino Fundamental (anos finais) e M\u00e9dio, aguarda novos desdobramentos. O governo estadual informou que ainda n\u00e3o foi notificado oficialmente.<br \/>\nO governo de S\u00e3o Paulo s\u00f3 poder\u00e1 retomar o programa se apresentar ao TCE-SP os esclarecimentos exigidos. Enquanto isso, o STF deve julgar a constitucionalidade da lei complementar que institui o modelo (LC 1.398\/2024), questionada por PSOL e PT.<\/p>\n","protected":false},"excerpt":{"rendered":"<p>Decis\u00e3o do Tribunal de Contas aponta falhas graves na implanta\u00e7\u00e3o do projeto, incluindo desvio de finalidade de verbas e inconstitucionalidade O Tribunal de Contas do Estado de S\u00e3o Paulo (TCE-SP) determinou, nesta quarta-feira (3), a suspens\u00e3o imediata do Programa Escola C\u00edvico-Militar, institu\u00eddo pelo governo estadual sob gest\u00e3o do governador Tarc\u00edsio de Freitas (Republicanos). A decis\u00e3o [&hellip;]<\/p>\n","protected":false},"author":2,"featured_media":32056,"comment_status":"open","ping_status":"open","sticky":false,"template":"","format":"standard","meta":{"footnotes":""},"categories":[58],"tags":[],"_links":{"self":[{"href":"https:\/\/sabuguinho.com.br\/site\/wp-json\/wp\/v2\/posts\/32055"}],"collection":[{"href":"https:\/\/sabuguinho.com.br\/site\/wp-json\/wp\/v2\/posts"}],"about":[{"href":"https:\/\/sabuguinho.com.br\/site\/wp-json\/wp\/v2\/types\/post"}],"author":[{"embeddable":true,"href":"https:\/\/sabuguinho.com.br\/site\/wp-json\/wp\/v2\/users\/2"}],"replies":[{"embeddable":true,"href":"https:\/\/sabuguinho.com.br\/site\/wp-json\/wp\/v2\/comments?post=32055"}],"version-history":[{"count":1,"href":"https:\/\/sabuguinho.com.br\/site\/wp-json\/wp\/v2\/posts\/32055\/revisions"}],"predecessor-version":[{"id":32057,"href":"https:\/\/sabuguinho.com.br\/site\/wp-json\/wp\/v2\/posts\/32055\/revisions\/32057"}],"wp:featuredmedia":[{"embeddable":true,"href":"https:\/\/sabuguinho.com.br\/site\/wp-json\/wp\/v2\/media\/32056"}],"wp:attachment":[{"href":"https:\/\/sabuguinho.com.br\/site\/wp-json\/wp\/v2\/media?parent=32055"}],"wp:term":[{"taxonomy":"category","embeddable":true,"href":"https:\/\/sabuguinho.com.br\/site\/wp-json\/wp\/v2\/categories?post=32055"},{"taxonomy":"post_tag","embeddable":true,"href":"https:\/\/sabuguinho.com.br\/site\/wp-json\/wp\/v2\/tags?post=32055"}],"curies":[{"name":"wp","href":"https:\/\/api.w.org\/{rel}","templated":true}]}}