{"id":32046,"date":"2025-09-03T19:40:50","date_gmt":"2025-09-03T22:40:50","guid":{"rendered":"https:\/\/sabuguinho.com.br\/site\/?p=32046"},"modified":"2025-09-03T19:40:50","modified_gmt":"2025-09-03T22:40:50","slug":"empresarios-da-regiao-de-ourinhos-podem-se-inscrever-para-expor-na-feira-do-empreendedor-2025","status":"publish","type":"post","link":"https:\/\/sabuguinho.com.br\/site\/empresarios-da-regiao-de-ourinhos-podem-se-inscrever-para-expor-na-feira-do-empreendedor-2025\/","title":{"rendered":"Empres\u00e1rios da regi\u00e3o de Ourinhos podem se inscrever para expor na Feira do Empreendedor 2025"},"content":{"rendered":"<p>Assessoria de Imprensa a servi\u00e7o do Sebrae-SP +<br \/>\nEscrit\u00f3rio Regional Ourinhos &#8211; Nat\u00e1lia Eloy <\/p>\n<p>Evento ser\u00e1 realizado de 15 a 18 de outubro, no S\u00e3o Paulo Expo, na capital paulista  <\/p>\n<p>O Sebrae-SP est\u00e1 com inscri\u00e7\u00f5es abertas para empres\u00e1rios da regi\u00e3o de Ourinhos que tenham interesse em expor na Feira do Empreendedor (FE25). O evento ser\u00e1 realizado de 15 a 18 de outubro, no S\u00e3o Paulo Expo, na capital paulista, com entrada gratuita e expectativa de atrair mais de 110 mil visitantes.<br \/>\nA FE25 \u00e9 voltada para empresas de todos os portes com destaque para micro e pequenas empresas, que podem garantir estandes a partir de R$ 1.190. H\u00e1 op\u00e7\u00f5es de 2m\u00b2, 6m\u00b2, 12m\u00b2, 25m\u00b2 ou \u00e1rea livre para montagem personalizada com descontos especiais para pequenos neg\u00f3cios e cotas de patroc\u00ednio com benef\u00edcios de visibilidade. Prefeituras interessadas em promover iniciativas de empreendedorismo tamb\u00e9m podem participar como expositoras.<br \/>\nA feira re\u00fane diversos setores como agroneg\u00f3cio, franquias, solu\u00e7\u00f5es digitais, servi\u00e7os, inova\u00e7\u00e3o, sustentabilidade e representa\u00e7\u00e3o comercial. No evento, os visitantes ter\u00e3o acesso a rodadas de neg\u00f3cios, palestras, consultorias e networking com especialistas e grandes nomes do mercado.<br \/>\n\u201cA Feira do Empreendedor \u00e9 uma grande vitrine para os empres\u00e1rios da nossa regi\u00e3o, uma oportunidade de mostrar seus produtos e servi\u00e7os para milhares de visitantes, conquistar novos clientes, fechar parcerias estrat\u00e9gicas e ampliar a visibilidade de suas marcas. Mais do que vendas imediatas, o evento abre portas para networking, acesso a tend\u00eancias e conex\u00f5es que podem transformar os neg\u00f3cios da regi\u00e3o\u201d, destacou Leandro Louren\u00e7o da Silva, gerente regional do Sebrae-SP em Ourinhos.<br \/>\nA \u00faltima edi\u00e7\u00e3o da Feira, realizada em 2024, movimentou cerca de R$ 45 milh\u00f5es em neg\u00f3cios e reuniu 102 mil visitantes e 1088 expositores. Segundo pesquisa, 87% dos expositores afirmaram que voltariam a participar do evento, e entre os visitantes, 88% disseram que pretendem retornar em 2025.<br \/>\nOs empres\u00e1rios interessados em expor na Feira podem entrar em contato com o Escrit\u00f3rio Regional de Ourinhos, no telefone (14) 3302-1370.  <\/p>\n","protected":false},"excerpt":{"rendered":"<p>Assessoria de Imprensa a servi\u00e7o do Sebrae-SP + Escrit\u00f3rio Regional Ourinhos &#8211; Nat\u00e1lia Eloy Evento ser\u00e1 realizado de 15 a 18 de outubro, no S\u00e3o Paulo Expo, na capital paulista O Sebrae-SP est\u00e1 com inscri\u00e7\u00f5es abertas para empres\u00e1rios da regi\u00e3o de Ourinhos que tenham interesse em expor na Feira do Empreendedor (FE25). O evento ser\u00e1 [&hellip;]<\/p>\n","protected":false},"author":2,"featured_media":32047,"comment_status":"open","ping_status":"open","sticky":false,"template":"","format":"standard","meta":{"footnotes":""},"categories":[51],"tags":[],"_links":{"self":[{"href":"https:\/\/sabuguinho.com.br\/site\/wp-json\/wp\/v2\/posts\/32046"}],"collection":[{"href":"https:\/\/sabuguinho.com.br\/site\/wp-json\/wp\/v2\/posts"}],"about":[{"href":"https:\/\/sabuguinho.com.br\/site\/wp-json\/wp\/v2\/types\/post"}],"author":[{"embeddable":true,"href":"https:\/\/sabuguinho.com.br\/site\/wp-json\/wp\/v2\/users\/2"}],"replies":[{"embeddable":true,"href":"https:\/\/sabuguinho.com.br\/site\/wp-json\/wp\/v2\/comments?post=32046"}],"version-history":[{"count":1,"href":"https:\/\/sabuguinho.com.br\/site\/wp-json\/wp\/v2\/posts\/32046\/revisions"}],"predecessor-version":[{"id":32048,"href":"https:\/\/sabuguinho.com.br\/site\/wp-json\/wp\/v2\/posts\/32046\/revisions\/32048"}],"wp:featuredmedia":[{"embeddable":true,"href":"https:\/\/sabuguinho.com.br\/site\/wp-json\/wp\/v2\/media\/32047"}],"wp:attachment":[{"href":"https:\/\/sabuguinho.com.br\/site\/wp-json\/wp\/v2\/media?parent=32046"}],"wp:term":[{"taxonomy":"category","embeddable":true,"href":"https:\/\/sabuguinho.com.br\/site\/wp-json\/wp\/v2\/categories?post=32046"},{"taxonomy":"post_tag","embeddable":true,"href":"https:\/\/sabuguinho.com.br\/site\/wp-json\/wp\/v2\/tags?post=32046"}],"curies":[{"name":"wp","href":"https:\/\/api.w.org\/{rel}","templated":true}]}}