{"id":32040,"date":"2025-09-03T19:24:33","date_gmt":"2025-09-03T22:24:33","guid":{"rendered":"https:\/\/sabuguinho.com.br\/site\/?p=32040"},"modified":"2025-09-03T19:24:33","modified_gmt":"2025-09-03T22:24:33","slug":"morre-elias-moreira-cantor-que-participou-do-the-voice-brasil","status":"publish","type":"post","link":"https:\/\/sabuguinho.com.br\/site\/morre-elias-moreira-cantor-que-participou-do-the-voice-brasil\/","title":{"rendered":"Morre Elias Moreira, cantor que participou do The Voice Brasil"},"content":{"rendered":"<p>O cantor Elias Moreira, conhecido nacionalmente por participar da segunda edi\u00e7\u00e3o do The Voice Brasil, morreu, aos 39 anos, na madrugada desta quarta-feira (3), em Manaus. O artista era natural de Boa Vista, em Roraima, mas vivia na capital amazonense h\u00e1 14 anos.<br \/>\nDe acordo com o g1, Elias enfrentava problemas renais cr\u00f4nicos e sofreu uma parada cardiorrespirat\u00f3ria ap\u00f3s dar entrada no Hospital 28 de Agosto nessa ter\u00e7a-feira (2). Amigos pr\u00f3ximos relataram ao portal que ele apresentava quadro est\u00e1vel nos \u00faltimos anos, mas teve uma piora nos \u00faltimos dias, evoluindo para um edema pulmonar.<br \/>\nO vel\u00f3rio acontece na tarde desta quarta-feira (3), na Funer\u00e1ria Cana\u00e3, que fica na Rua Major Gabriel, no Centro de Manaus<br \/>\nElias Moreira ganhou visibilidade ao representar a regi\u00e3o Norte no The Voice Brasil 2023. Na \u00e9poca, ele garantiu uma vaga na \u00faltima audi\u00e7\u00e3o \u00e0s cegas com a m\u00fasica \u201cHuman Nature\u201d. A apresenta\u00e7\u00e3o do cantor fez os quatro jurados, come\u00e7ando por Lulu Santos, virarem as cadeiras, e ele escolheu integrar a equipe de Carlinhos Brown.<\/p>\n<p>Novos t\u00e9cnicos<\/p>\n<p>O SBT e a Disney + anunciaram no \u00faltimo dia 20 quem s\u00e3o os t\u00e9cnicos do The Voice Brasil. O reality musical, que a Globo tinha direitos, hoje pertence \u00e0 emissora fundada por Silvio Santos (1930-2024) e \u00e0 plataforma de streaming.<br \/>\nOs t\u00e9cnicos da pr\u00f3xima temporada do The Voice no SBT s\u00e3o: Mumuzinho, Matheus e Kauan, P\u00e9ricles e Duda Beat. O programa tem dire\u00e7\u00e3o de Boninho, que deixou a TV Globo em 2024.<br \/>\nVale lembrar que, no canal, o The Voice j\u00e1 teve v\u00e1rios artistas como t\u00e9cnicos, sendo alguns deles, Michel Tel\u00f3, Carlinhos Brown, Lulu Santos e Iza. Por\u00e9m, nenhum deles integram o reality musical no SBT.<br \/>\nTel\u00f3, recordista de vit\u00f3rias do The Voice na Globo, est\u00e1, inclusive, confirmado no<\/p>\n<p>Legenda<br \/>\nElias Moreira participou do The Voice Brasil 2013<\/p>\n","protected":false},"excerpt":{"rendered":"<p>O cantor Elias Moreira, conhecido nacionalmente por participar da segunda edi\u00e7\u00e3o do The Voice Brasil, morreu, aos 39 anos, na madrugada desta quarta-feira (3), em Manaus. O artista era natural de Boa Vista, em Roraima, mas vivia na capital amazonense h\u00e1 14 anos. De acordo com o g1, Elias enfrentava problemas renais cr\u00f4nicos e sofreu [&hellip;]<\/p>\n","protected":false},"author":2,"featured_media":32043,"comment_status":"open","ping_status":"open","sticky":false,"template":"","format":"standard","meta":{"footnotes":""},"categories":[61],"tags":[],"_links":{"self":[{"href":"https:\/\/sabuguinho.com.br\/site\/wp-json\/wp\/v2\/posts\/32040"}],"collection":[{"href":"https:\/\/sabuguinho.com.br\/site\/wp-json\/wp\/v2\/posts"}],"about":[{"href":"https:\/\/sabuguinho.com.br\/site\/wp-json\/wp\/v2\/types\/post"}],"author":[{"embeddable":true,"href":"https:\/\/sabuguinho.com.br\/site\/wp-json\/wp\/v2\/users\/2"}],"replies":[{"embeddable":true,"href":"https:\/\/sabuguinho.com.br\/site\/wp-json\/wp\/v2\/comments?post=32040"}],"version-history":[{"count":1,"href":"https:\/\/sabuguinho.com.br\/site\/wp-json\/wp\/v2\/posts\/32040\/revisions"}],"predecessor-version":[{"id":32044,"href":"https:\/\/sabuguinho.com.br\/site\/wp-json\/wp\/v2\/posts\/32040\/revisions\/32044"}],"wp:featuredmedia":[{"embeddable":true,"href":"https:\/\/sabuguinho.com.br\/site\/wp-json\/wp\/v2\/media\/32043"}],"wp:attachment":[{"href":"https:\/\/sabuguinho.com.br\/site\/wp-json\/wp\/v2\/media?parent=32040"}],"wp:term":[{"taxonomy":"category","embeddable":true,"href":"https:\/\/sabuguinho.com.br\/site\/wp-json\/wp\/v2\/categories?post=32040"},{"taxonomy":"post_tag","embeddable":true,"href":"https:\/\/sabuguinho.com.br\/site\/wp-json\/wp\/v2\/tags?post=32040"}],"curies":[{"name":"wp","href":"https:\/\/api.w.org\/{rel}","templated":true}]}}