{"id":32006,"date":"2025-09-03T14:36:57","date_gmt":"2025-09-03T17:36:57","guid":{"rendered":"https:\/\/sabuguinho.com.br\/site\/?p=32006"},"modified":"2025-09-03T14:37:56","modified_gmt":"2025-09-03T17:37:56","slug":"vizinhanca-solidaria-deve-revolucionar-a-seguranca-no-costa-azul","status":"publish","type":"post","link":"https:\/\/sabuguinho.com.br\/site\/vizinhanca-solidaria-deve-revolucionar-a-seguranca-no-costa-azul\/","title":{"rendered":"Vizinhan\u00e7a Solid\u00e1ria deve revolucionar a seguran\u00e7a no Costa Azul"},"content":{"rendered":"<p>Programa foi implantado pela Pol\u00edcia Militar no s\u00e1bado, 30, e contou com a participa\u00e7\u00e3o de cerca de 70 moradores<\/p>\n<p>O Balne\u00e1rio Costa Azul, na Est\u00e2ncia Tur\u00edstica de Avar\u00e9, recebeu na tarde do s\u00e1bado, 30 de setembro, a implanta\u00e7\u00e3o do Programa Vizinhan\u00e7a Solid\u00e1ria, promovido pela Pol\u00edcia Militar. A iniciativa, t\u00e3o eficiente quanto simples, visa refor\u00e7ar a seguran\u00e7a local por meio da uni\u00e3o e coopera\u00e7\u00e3o entre vizinhos.<br \/>\nO evento contou com a presen\u00e7a do vereador Moacir Lima, acompanhado das apoiadoras Janaina Soares, Eliane Leal Paix\u00e3o, Melise Muriellen de Souza e Alessandro Guimar\u00e3es dos Santos.<br \/>\nA Pol\u00edcia Militar \u00e9 uma das grandes parceiras da a\u00e7\u00e3o. O capit\u00e3o Maur\u00edcio, da 1\u00aa Companhia da PM, apresentou as diretrizes do programa e esclareceu d\u00favidas dos moradores. A proposta central \u00e9 a cria\u00e7\u00e3o de um grupo de WhatsApp reunindo os moradores da comunidade. Esses grupos ser\u00e3o monitorados por tutores, respons\u00e1veis por organizar o fluxo de mensagens e orientar os participantes sobre como agir diante de situa\u00e7\u00f5es suspeitas.<br \/>\nO programa parte de uma premissa simples: a pol\u00edcia, por mais equipada e eficiente que seja, n\u00e3o consegue estar em todos os lugares ao mesmo tempo. J\u00e1 os moradores, por conhecerem a rotina do bairro, t\u00eam maior facilidade para perceber movimenta\u00e7\u00f5es estranhas, ru\u00eddos incomuns ou qualquer atitude fora do padr\u00e3o.<br \/>\nA estrat\u00e9gia prop\u00f5e que os moradores compartilhem entre si informa\u00e7\u00f5es relevantes \u2014 como um ve\u00edculo desconhecido estacionado por muito tempo, pessoas suspeitas circulando ou at\u00e9 avisos de viagem. O tutor do grupo \u00e9 quem aciona a Pol\u00edcia Militar, sempre que necess\u00e1rio. S\u00e3o atitudes simples, mas com enorme potencial preventivo.<br \/>\nDurante a cerim\u00f4nia, o Capit\u00e3o Maur\u00edcio refor\u00e7ou que o Vizinhan\u00e7a Solid\u00e1ria j\u00e1 est\u00e1 ativo, e que moradores interessados em participar podem entrar em contato com Muriellen pelo n\u00famero (14) 9.8820-1082 ou com Janaina, pelo (14) 9.9665-7236.<br \/>\nDiversos bairros da zona urbana j\u00e1 aderiram ao programa, que tem demonstrado resultados positivos tanto no aumento da seguran\u00e7a quanto no fortalecimento dos la\u00e7os comunit\u00e1rios.<br \/>\nO Balne\u00e1rio Costa Azul, segundo relatos da pr\u00f3pria comunidade, tem sido alvo frequente de invas\u00f5es, furtos e perturba\u00e7\u00f5es do sossego. A expectativa \u00e9 que, com a implanta\u00e7\u00e3o do programa, o bairro se torne mais seguro, unido e vigilante.<br \/>\nMesmo sem poder estar presente no evento, o prefeito Roberto Araujo fez quest\u00e3o de enviar os secret\u00e1rios Tom Murbach (Gest\u00e3o P\u00fablica), Jorge Carvalheira (Seguran\u00e7a P\u00fablica) e Claudinei Alem\u00e3o (Turismo) para represent\u00e1-lo. Em nota, o prefeito declarou: &#8220;Seguran\u00e7a p\u00fablica se constr\u00f3i com parceria e participa\u00e7\u00e3o. O Vizinhan\u00e7a Solid\u00e1ria \u00e9 um excelente exemplo de como o envolvimento da comunidade pode fazer a diferen\u00e7a no combate \u00e0 criminalidade e na preven\u00e7\u00e3o de problemas. Parabenizo todos os moradores do Costa Azul por abra\u00e7arem essa iniciativa. Nossa gest\u00e3o est\u00e1 totalmente comprometida com a\u00e7\u00f5es que tragam mais tranquilidade e qualidade de vida para nossa<br \/>\npopula\u00e7<\/p>\n<p><img loading=\"lazy\" decoding=\"async\" src=\"https:\/\/sabuguinho.com.br\/site\/wp-content\/uploads\/2025\/09\/Screenshot_20250903-1430552-150x91.jpg\" alt=\"\" width=\"150\" height=\"91\" class=\"alignnone size-medium wp-image-32009\" srcset=\"https:\/\/sabuguinho.com.br\/site\/wp-content\/uploads\/2025\/09\/Screenshot_20250903-1430552-150x91.jpg 150w, https:\/\/sabuguinho.com.br\/site\/wp-content\/uploads\/2025\/09\/Screenshot_20250903-1430552-512x311.jpg 512w, https:\/\/sabuguinho.com.br\/site\/wp-content\/uploads\/2025\/09\/Screenshot_20250903-1430552-768x467.jpg 768w, https:\/\/sabuguinho.com.br\/site\/wp-content\/uploads\/2025\/09\/Screenshot_20250903-1430552-750x456.jpg 750w, https:\/\/sabuguinho.com.br\/site\/wp-content\/uploads\/2025\/09\/Screenshot_20250903-1430552.jpg 1080w\" sizes=\"(max-width: 150px) 100vw, 150px\" \/><\/p>\n","protected":false},"excerpt":{"rendered":"<p>Programa foi implantado pela Pol\u00edcia Militar no s\u00e1bado, 30, e contou com a participa\u00e7\u00e3o de cerca de 70 moradores O Balne\u00e1rio Costa Azul, na Est\u00e2ncia Tur\u00edstica de Avar\u00e9, recebeu na tarde do s\u00e1bado, 30 de setembro, a implanta\u00e7\u00e3o do Programa Vizinhan\u00e7a Solid\u00e1ria, promovido pela Pol\u00edcia Militar. A iniciativa, t\u00e3o eficiente quanto simples, visa refor\u00e7ar a [&hellip;]<\/p>\n","protected":false},"author":2,"featured_media":32011,"comment_status":"open","ping_status":"open","sticky":false,"template":"","format":"standard","meta":{"footnotes":""},"categories":[124],"tags":[],"_links":{"self":[{"href":"https:\/\/sabuguinho.com.br\/site\/wp-json\/wp\/v2\/posts\/32006"}],"collection":[{"href":"https:\/\/sabuguinho.com.br\/site\/wp-json\/wp\/v2\/posts"}],"about":[{"href":"https:\/\/sabuguinho.com.br\/site\/wp-json\/wp\/v2\/types\/post"}],"author":[{"embeddable":true,"href":"https:\/\/sabuguinho.com.br\/site\/wp-json\/wp\/v2\/users\/2"}],"replies":[{"embeddable":true,"href":"https:\/\/sabuguinho.com.br\/site\/wp-json\/wp\/v2\/comments?post=32006"}],"version-history":[{"count":1,"href":"https:\/\/sabuguinho.com.br\/site\/wp-json\/wp\/v2\/posts\/32006\/revisions"}],"predecessor-version":[{"id":32010,"href":"https:\/\/sabuguinho.com.br\/site\/wp-json\/wp\/v2\/posts\/32006\/revisions\/32010"}],"wp:featuredmedia":[{"embeddable":true,"href":"https:\/\/sabuguinho.com.br\/site\/wp-json\/wp\/v2\/media\/32011"}],"wp:attachment":[{"href":"https:\/\/sabuguinho.com.br\/site\/wp-json\/wp\/v2\/media?parent=32006"}],"wp:term":[{"taxonomy":"category","embeddable":true,"href":"https:\/\/sabuguinho.com.br\/site\/wp-json\/wp\/v2\/categories?post=32006"},{"taxonomy":"post_tag","embeddable":true,"href":"https:\/\/sabuguinho.com.br\/site\/wp-json\/wp\/v2\/tags?post=32006"}],"curies":[{"name":"wp","href":"https:\/\/api.w.org\/{rel}","templated":true}]}}