{"id":31988,"date":"2025-09-03T10:27:47","date_gmt":"2025-09-03T13:27:47","guid":{"rendered":"https:\/\/sabuguinho.com.br\/site\/?p=31988"},"modified":"2025-09-03T10:31:59","modified_gmt":"2025-09-03T13:31:59","slug":"cultura-alem-de-r-18-mil-vencedor-da-42a-fampop-vai-ganhar-gravacao-em-renomado-estudio-da-mpb","status":"publish","type":"post","link":"https:\/\/sabuguinho.com.br\/site\/cultura-alem-de-r-18-mil-vencedor-da-42a-fampop-vai-ganhar-gravacao-em-renomado-estudio-da-mpb\/","title":{"rendered":"CULTURA  Al\u00e9m de R$ 18 mil, vencedor da 42\u00aa Fampop vai ganhar grava\u00e7\u00e3o em renomado est\u00fadio da MPB"},"content":{"rendered":"<p>Inscri\u00e7\u00f5es para edi\u00e7\u00e3o 2025 do festival avareense seguem abertas at\u00e9 19 de setembro; s\u00e3o mais de R$ 40 mil em premia\u00e7\u00e3o<\/p>\n<p>A 42\u00aa Feira Avareense da M\u00fasica Popular (Fampop), que acontece de 10 a 12 de outubro na Concha Ac\u00fastica, anuncia mais uma novidade.<br \/>\n\u201cAl\u00e9m do pr\u00eamio de R$ 18 mil, o vencedor da edi\u00e7\u00e3o vai ganhar tr\u00eas di\u00e1rias para grava\u00e7\u00e3o no Gargol\u00e2ndia, est\u00fadio onde j\u00e1 gravaram Ivan Lins, Hermeto Pascoal e Monica Salmaso, entre tantos outros nomes da MPB\u201d, afirma o produtor Juca Novaes, um dos fundadores do festival, que agora est\u00e1 de volta \u00e0 dire\u00e7\u00e3o art\u00edstica da Fampop.<br \/>\nA edi\u00e7\u00e3o que promete refundar um dos mais importantes festivais musicais do pa\u00eds \u00e9 uma realiza\u00e7\u00e3o do Governo Roberto Araujo, por meio da Secretaria Municipal da Cultura, com apoio da Associa\u00e7\u00e3o Paulista dos Amigos da Arte (APAA).<\/p>\n<p>O est\u00fadio<\/p>\n<p>Situado em Alambari, no interior de S\u00e3o Paulo, o Gargol\u00e2ndia \u00e9 de propriedade do m\u00fasico Rafael Alt\u00e9rio, vencedor da 19\u00aa Fampop com a can\u00e7\u00e3o Logradouro, parceria com Kl\u00e9ber Albuquerque.<br \/>\n\u201cTrata-se de uma oportunidade \u00fanica para os concorrentes da 42\u00aa Fampop\u201d, destaca Thais Francini, secret\u00e1ria Municipal da Cultura.<\/p>\n<p>Inscri\u00e7\u00f5es<\/p>\n<p>O cantor e compositor Chico C\u00e9sar, artista que foi revelado pela Fampop em 1991, \u00e9 o patrono da 42\u00aa Fampop.<br \/>\nAs inscri\u00e7\u00f5es seguem abertas at\u00e9 19 de setembro. S\u00e3o mais de R$ 40 mil em premia\u00e7\u00e3o.<br \/>\nCompositores de todo o pa\u00eds podem se inscrever gratuitamente pelo site https:\/\/fampop.art\/<br \/>\nA 42\u00aa Fampop traz ainda oportunidades para compositores de Avar\u00e9. Doze m\u00fasicas avareenses v\u00e3o disputar 6 vagas para a fase nacional da feira. As duas melhores conquistam vaga para a final do festival, que acontece no dia 12.<\/p>\n<p>Premia\u00e7\u00e3o<\/p>\n<p>A can\u00e7\u00e3o vencedora da 42\u00aa Fampop ser\u00e1 premiada com R$ 18 mil. J\u00e1 a 2\u00aa colocada e o 3\u00ba lugar v\u00e3o levar pra casa R$ 10 mil e R$ 8 mil, respectivamente.<br \/>\nAs categorias Melhor M\u00fasica Instrumental e Melhor Int\u00e9rprete ser\u00e3o premiadas com R$ 3 mil cada.<br \/>\nJ\u00e1 as m\u00fasicas vencedoras das categorias Melhor M\u00fasica Avareense e Aclama\u00e7\u00e3o Popular ser\u00e3o premiadas com R$ 1.500 cada uma.<\/p>\n","protected":false},"excerpt":{"rendered":"<p>Inscri\u00e7\u00f5es para edi\u00e7\u00e3o 2025 do festival avareense seguem abertas at\u00e9 19 de setembro; s\u00e3o mais de R$ 40 mil em premia\u00e7\u00e3o A 42\u00aa Feira Avareense da M\u00fasica Popular (Fampop), que acontece de 10 a 12 de outubro na Concha Ac\u00fastica, anuncia mais uma novidade. \u201cAl\u00e9m do pr\u00eamio de R$ 18 mil, o vencedor da edi\u00e7\u00e3o [&hellip;]<\/p>\n","protected":false},"author":2,"featured_media":31989,"comment_status":"open","ping_status":"open","sticky":false,"template":"","format":"standard","meta":{"footnotes":""},"categories":[123],"tags":[],"_links":{"self":[{"href":"https:\/\/sabuguinho.com.br\/site\/wp-json\/wp\/v2\/posts\/31988"}],"collection":[{"href":"https:\/\/sabuguinho.com.br\/site\/wp-json\/wp\/v2\/posts"}],"about":[{"href":"https:\/\/sabuguinho.com.br\/site\/wp-json\/wp\/v2\/types\/post"}],"author":[{"embeddable":true,"href":"https:\/\/sabuguinho.com.br\/site\/wp-json\/wp\/v2\/users\/2"}],"replies":[{"embeddable":true,"href":"https:\/\/sabuguinho.com.br\/site\/wp-json\/wp\/v2\/comments?post=31988"}],"version-history":[{"count":1,"href":"https:\/\/sabuguinho.com.br\/site\/wp-json\/wp\/v2\/posts\/31988\/revisions"}],"predecessor-version":[{"id":31990,"href":"https:\/\/sabuguinho.com.br\/site\/wp-json\/wp\/v2\/posts\/31988\/revisions\/31990"}],"wp:featuredmedia":[{"embeddable":true,"href":"https:\/\/sabuguinho.com.br\/site\/wp-json\/wp\/v2\/media\/31989"}],"wp:attachment":[{"href":"https:\/\/sabuguinho.com.br\/site\/wp-json\/wp\/v2\/media?parent=31988"}],"wp:term":[{"taxonomy":"category","embeddable":true,"href":"https:\/\/sabuguinho.com.br\/site\/wp-json\/wp\/v2\/categories?post=31988"},{"taxonomy":"post_tag","embeddable":true,"href":"https:\/\/sabuguinho.com.br\/site\/wp-json\/wp\/v2\/tags?post=31988"}],"curies":[{"name":"wp","href":"https:\/\/api.w.org\/{rel}","templated":true}]}}