{"id":31970,"date":"2025-09-02T15:47:13","date_gmt":"2025-09-02T18:47:13","guid":{"rendered":"https:\/\/sabuguinho.com.br\/site\/?p=31970"},"modified":"2025-09-02T15:47:17","modified_gmt":"2025-09-02T18:47:17","slug":"medalha-de-merito-legislativo-maneco-dionisio-sera-entregue-no-dia-11","status":"publish","type":"post","link":"https:\/\/sabuguinho.com.br\/site\/medalha-de-merito-legislativo-maneco-dionisio-sera-entregue-no-dia-11\/","title":{"rendered":"Medalha de M\u00e9rito Legislativo \u201cManeco Dion\u00edsio\u201d ser\u00e1 entregue no dia 11"},"content":{"rendered":"<p>Em Sess\u00e3o Solene, 13 personalidades receber\u00e3o a honraria por indica\u00e7\u00e3o dos vereadores<br \/>\nEm sess\u00e3o extraordin\u00e1ria realizada na noite de segunda-feira, 01, logo ap\u00f3s a sess\u00e3o normal, a C\u00e2mara aprovou por unanimidade o Projeto de Decreto Legislativo 07\/2025 que disp\u00f5e sobre a outorga da Medalha de M\u00e9rito Legislativo \u201cManeco Dion\u00edsio\u201d. A honraria ser\u00e1 entregue em sess\u00e3o solene para 13 personalidades conforme indica\u00e7\u00e3o feita pelos vereadores.<br \/>\nA Medalha de M\u00e9rito Legislativo \u201cManeco Dion\u00edsio\u201d criada pelo Decreto Legislativo n\u00ba 144\/2003, deve ser anualmente concedida a personalidades devotadas \u00e0s causas de Avar\u00e9, as quais militam de forma abnegada nas \u00e1reas da cultura, do ensino, da pol\u00edtica, do esporte e da filantropia.<br \/>\n\u201cApreciadas as indica\u00e7\u00f5es de cada um dos senhores vereadores, foi formulado o projeto de Decreto Legislativo que torna leg\u00edtima a concess\u00e3o dessa importante honraria a cidad\u00e3os e cidad\u00e3s, os quais, a exemplo do grande cidad\u00e3o Manoel Marcelino de Souza Franco, o inesquec\u00edvel Maneco Dion\u00edsio, muitos j\u00e1 fizeram, cada qual em sua \u00e1rea de atua\u00e7\u00e3o, em favor do povo avareense\u201d, diz a justificativa do projeto.<br \/>\nNesta que ser\u00e1 a 12\u00aa edi\u00e7\u00e3o da Medalha Maneco Dion\u00edsio, ser\u00e3o homenageados: Dra. Adelina Maria do Prado Ferreira (indica\u00e7\u00e3o do vereador Pedro Fusco); Ana Leide Garcia Campos Silveira (indica\u00e7\u00e3o do presidente Samuel Paes); Donizete Jos\u00e9 Mendes (Moacir Lima); Edison Arantes dos Santos (Ana Paula Tiburcio de Godoy); Pastor Edson Fraulini (Hidalgo Andr\u00e9 de Freitas); Elaine Gabriela Ribeiro Kato (Magno Greguer); Jos\u00e9 Augusto Azevedo Barbosa (Jairo Alvez de Azevedo); Jos\u00e9 Vasconcelos de Ara\u00fajo Silva (Leonardo Pires Ripoli) Dr. Louren\u00e7o Gomes Henriques (Adalgisa Ward); Dr. Marcelo Jos\u00e9 Ortega (Luiz Cl\u00e1udio da Costa); Marcelo Sabuguinho de Castro (Everton Eduardo Machado); Paulo Ribeiro Alexandre (Francisco Barreto de Monte Neto); Dra. Tatiana Carreira Capecci (Maria Isabel Dad\u00e1rio).<br \/>\nA Sess\u00e3o Solene, que deve ocorrer dentro da programa\u00e7\u00e3o do anivers\u00e1rio de Avar\u00e9, no m\u00eas de setembro, est\u00e1 marcada para o dia 11, quinta-feira, a partir das 19 horas, evento aberto \u00e0<br \/>\nparticipa\u00e7\u00e3o do p\u00fablico em geral.<\/p>\n<p>Quem foi Maneco Dion\u00edsio<\/p>\n<p>Manoel Marcelino de Souza Franco, o Maneco Dion\u00edsio, foi pioneiro em Avar\u00e9 como educador, jornalista, pesquisador, memorialista e art\u00edfice da instala\u00e7\u00e3o do Munic\u00edpio e da C\u00e2mara de Vereadores.<br \/>\nAcompanhado da fam\u00edlia, uma das pioneiras do Rio Novo, Maneco chegou a Avar\u00e9 no dia 30 de novembro de 1864. Seu pai, Dion\u00edsio Jos\u00e9 Franco \u00e9 contado entre os mineiros que aceitaram o convite para acompanhar a comitiva do major Vitoriano de Souza Rocha.<br \/>\nCom a mulher Gertrudes e os filhos Jos\u00e9 Dion\u00edsio (Juca), Jo\u00e3o e Sebasti\u00e3o instalou-se no primitivo povoado na Rua 7 de Setembro, atual Rua S\u00e3o Paulo. Adolescente, come\u00e7ou sua extraordin\u00e1ria carreira na vida p\u00fablica como mestre-escola.<br \/>\nEm 1867, aos 16 anos, j\u00e1 membro da Guarda Nacional, integrou a Junta Administrativa que governou o patrim\u00f4nio de Nossa Senhora das Dores do Rio Novo. Em 1875, com a emancipa\u00e7\u00e3o do lugar, destacou-se como o primeiro secret\u00e1rio da C\u00e2mara de Vereadores.<br \/>\nProvedor das Irmandades de Nossa Senhora das Dores e de S\u00e3o Benedito, cat\u00f3lico e monarquista convicto, foi tamb\u00e9m o fundador e presidente do Gabinete de Leitura, a primeira institui\u00e7\u00e3o cultural de Avar\u00e9.<br \/>\nEm 1888 fundou o primeiro jornal \u2013 O RioNovense \u2013 em cujas p\u00e1ginas advogou a mudan\u00e7a do tra\u00e7ado da estrada de ferro, projetada para passar longe do Rio Novo. Convenceu as autoridades provinciais a mudarem o projeto e Avar\u00e9 teve a sua esta\u00e7\u00e3o ferrovi\u00e1ria, conquista decisiva para o desenvolvimento local.<br \/>\nCom a proclama\u00e7\u00e3o da Rep\u00fablica o jornalista foi politicamente perseguido. Expulso da cidade, quatro meses depois voltou \u00e0 cidade merecendo recep\u00e7\u00e3o triunfal. Tabeli\u00e3o, passou desde ent\u00e3o a dedicar-se a atividades culturais e depois a advogar.<br \/>\nEm 1923, j\u00e1 afastado da pol\u00edtica, a morte da mulher, Gertrudes de Freitas, a d. Tudinha, com quem viveu por mais de 50 anos, debilitou ainda mais a sua sa\u00fade, afetada pela esclerose cerebral.<br \/>\nCompletamente desmemoriado, Maneco Dion\u00edsio morreu aos 79 anos, no dia 23 de maio de 1930. Enterrado no antigo Cemit\u00e9rio de Nossa Senhora das Dores, no Bairro Alto, infelizmente sua sepultura desapareceu sem deixar vest\u00edgios. Permanece, por\u00e9m, o seu legado de amor a Avar\u00e9, outrora Rio Novo, terra que amou como se nela tivesse visto a luz.<\/p>\n","protected":false},"excerpt":{"rendered":"<p>Em Sess\u00e3o Solene, 13 personalidades receber\u00e3o a honraria por indica\u00e7\u00e3o dos vereadores Em sess\u00e3o extraordin\u00e1ria realizada na noite de segunda-feira, 01, logo ap\u00f3s a sess\u00e3o normal, a C\u00e2mara aprovou por unanimidade o Projeto de Decreto Legislativo 07\/2025 que disp\u00f5e sobre a outorga da Medalha de M\u00e9rito Legislativo \u201cManeco Dion\u00edsio\u201d. A honraria ser\u00e1 entregue em sess\u00e3o [&hellip;]<\/p>\n","protected":false},"author":2,"featured_media":31972,"comment_status":"open","ping_status":"open","sticky":false,"template":"","format":"standard","meta":{"footnotes":""},"categories":[122],"tags":[],"_links":{"self":[{"href":"https:\/\/sabuguinho.com.br\/site\/wp-json\/wp\/v2\/posts\/31970"}],"collection":[{"href":"https:\/\/sabuguinho.com.br\/site\/wp-json\/wp\/v2\/posts"}],"about":[{"href":"https:\/\/sabuguinho.com.br\/site\/wp-json\/wp\/v2\/types\/post"}],"author":[{"embeddable":true,"href":"https:\/\/sabuguinho.com.br\/site\/wp-json\/wp\/v2\/users\/2"}],"replies":[{"embeddable":true,"href":"https:\/\/sabuguinho.com.br\/site\/wp-json\/wp\/v2\/comments?post=31970"}],"version-history":[{"count":1,"href":"https:\/\/sabuguinho.com.br\/site\/wp-json\/wp\/v2\/posts\/31970\/revisions"}],"predecessor-version":[{"id":31973,"href":"https:\/\/sabuguinho.com.br\/site\/wp-json\/wp\/v2\/posts\/31970\/revisions\/31973"}],"wp:featuredmedia":[{"embeddable":true,"href":"https:\/\/sabuguinho.com.br\/site\/wp-json\/wp\/v2\/media\/31972"}],"wp:attachment":[{"href":"https:\/\/sabuguinho.com.br\/site\/wp-json\/wp\/v2\/media?parent=31970"}],"wp:term":[{"taxonomy":"category","embeddable":true,"href":"https:\/\/sabuguinho.com.br\/site\/wp-json\/wp\/v2\/categories?post=31970"},{"taxonomy":"post_tag","embeddable":true,"href":"https:\/\/sabuguinho.com.br\/site\/wp-json\/wp\/v2\/tags?post=31970"}],"curies":[{"name":"wp","href":"https:\/\/api.w.org\/{rel}","templated":true}]}}