{"id":31963,"date":"2025-09-02T14:06:52","date_gmt":"2025-09-02T17:06:52","guid":{"rendered":"https:\/\/sabuguinho.com.br\/site\/?p=31963"},"modified":"2025-09-02T14:06:52","modified_gmt":"2025-09-02T17:06:52","slug":"cemiterio-de-avare-fecha-para-dedetizacao-na-manha-de-quarta-feira-3","status":"publish","type":"post","link":"https:\/\/sabuguinho.com.br\/site\/cemiterio-de-avare-fecha-para-dedetizacao-na-manha-de-quarta-feira-3\/","title":{"rendered":"Cemit\u00e9rio de Avar\u00e9 fecha para dedetiza\u00e7\u00e3o na manh\u00e3 de quarta-feira, 3"},"content":{"rendered":"<p>Objetivo \u00e9 garantir seguran\u00e7a sanit\u00e1ria do espa\u00e7o, que ser\u00e1 reaberto ao p\u00fablico ap\u00f3s o meio-dia<\/p>\n<p>Por: REDA\u00c7\u00c3O | SECOM<\/p>\n<p>.O Cemit\u00e9rio Municipal de Avar\u00e9 ficar\u00e1 fechado na manh\u00e3 de quarta-feira, 3 de setembro, para dedetiza\u00e7\u00e3o.<br \/>\nO servi\u00e7o ser\u00e1 realizado das 7h \u00e0s 12 horas. O espa\u00e7o ser\u00e1 reaberto em seguida para visita\u00e7\u00e3o p\u00fablica.<br \/>\n\u201cO objetivo \u00e9 garantir a seguran\u00e7a sanit\u00e1ria do espa\u00e7o, prevenindo a prolifera\u00e7\u00e3o de insetos e outros vetores que possam comprometer a sa\u00fade p\u00fablica\u201d, destaca a Prefeitura de Avar\u00e9.<br \/>\nEsta \u00e9 a etapa final da dedetiza\u00e7\u00e3o promovida pelo munic\u00edpio. As anteriores foram realizadas nos meses de maio e julho.<\/p>\n","protected":false},"excerpt":{"rendered":"<p>Objetivo \u00e9 garantir seguran\u00e7a sanit\u00e1ria do espa\u00e7o, que ser\u00e1 reaberto ao p\u00fablico ap\u00f3s o meio-dia Por: REDA\u00c7\u00c3O | SECOM .O Cemit\u00e9rio Municipal de Avar\u00e9 ficar\u00e1 fechado na manh\u00e3 de quarta-feira, 3 de setembro, para dedetiza\u00e7\u00e3o. O servi\u00e7o ser\u00e1 realizado das 7h \u00e0s 12 horas. O espa\u00e7o ser\u00e1 reaberto em seguida para visita\u00e7\u00e3o p\u00fablica. \u201cO objetivo [&hellip;]<\/p>\n","protected":false},"author":2,"featured_media":5631,"comment_status":"open","ping_status":"open","sticky":false,"template":"","format":"standard","meta":{"footnotes":""},"categories":[58],"tags":[],"_links":{"self":[{"href":"https:\/\/sabuguinho.com.br\/site\/wp-json\/wp\/v2\/posts\/31963"}],"collection":[{"href":"https:\/\/sabuguinho.com.br\/site\/wp-json\/wp\/v2\/posts"}],"about":[{"href":"https:\/\/sabuguinho.com.br\/site\/wp-json\/wp\/v2\/types\/post"}],"author":[{"embeddable":true,"href":"https:\/\/sabuguinho.com.br\/site\/wp-json\/wp\/v2\/users\/2"}],"replies":[{"embeddable":true,"href":"https:\/\/sabuguinho.com.br\/site\/wp-json\/wp\/v2\/comments?post=31963"}],"version-history":[{"count":1,"href":"https:\/\/sabuguinho.com.br\/site\/wp-json\/wp\/v2\/posts\/31963\/revisions"}],"predecessor-version":[{"id":31964,"href":"https:\/\/sabuguinho.com.br\/site\/wp-json\/wp\/v2\/posts\/31963\/revisions\/31964"}],"wp:featuredmedia":[{"embeddable":true,"href":"https:\/\/sabuguinho.com.br\/site\/wp-json\/wp\/v2\/media\/5631"}],"wp:attachment":[{"href":"https:\/\/sabuguinho.com.br\/site\/wp-json\/wp\/v2\/media?parent=31963"}],"wp:term":[{"taxonomy":"category","embeddable":true,"href":"https:\/\/sabuguinho.com.br\/site\/wp-json\/wp\/v2\/categories?post=31963"},{"taxonomy":"post_tag","embeddable":true,"href":"https:\/\/sabuguinho.com.br\/site\/wp-json\/wp\/v2\/tags?post=31963"}],"curies":[{"name":"wp","href":"https:\/\/api.w.org\/{rel}","templated":true}]}}