{"id":31955,"date":"2025-09-02T13:44:52","date_gmt":"2025-09-02T16:44:52","guid":{"rendered":"https:\/\/sabuguinho.com.br\/site\/?p=31955"},"modified":"2025-09-02T13:47:58","modified_gmt":"2025-09-02T16:47:58","slug":"solidariedade-chega-a-avare-500-cestas-basicas-levam-esperanca-a-familias-em-situacao-de-vulnerabilidade","status":"publish","type":"post","link":"https:\/\/sabuguinho.com.br\/site\/solidariedade-chega-a-avare-500-cestas-basicas-levam-esperanca-a-familias-em-situacao-de-vulnerabilidade\/","title":{"rendered":"Solidariedade chega a Avar\u00e9: 500 cestas b\u00e1sicas levam esperan\u00e7a a fam\u00edlias em situa\u00e7\u00e3o de vulnerabilidade"},"content":{"rendered":"<p>Primeira-dama \u00c9rika Araujo celebra a parceria com o Fundo Social de S\u00e3o Paulo e agradece \u00e0 presidente Cristiane Freitas pelo apoio<\/p>\n<p>Um gesto de solidariedade renovou a esperan\u00e7a de muitas fam\u00edlias em Avar\u00e9. No m\u00eas de agosto, a cidade recebeu 500 cestas b\u00e1sicas enviadas pelo Fundo Social de S\u00e3o Paulo (FUSSP), gra\u00e7as ao olhar atento e humano da primeira-dama e presidente estadual, Cristiane Freitas.<br \/>\nAs cestas foram entregues \u00e0 primeira-dama da Est\u00e2ncia Tur\u00edstica de Avar\u00e9, \u00c9rika Araujo, e j\u00e1 est\u00e3o sendo destinadas \u00e0s fam\u00edlias cadastradas e acompanhadas pelo Fundo Social do munic\u00edpio e pela Secretaria Municipal de Assist\u00eancia e Desenvolvimento Social (SEMADS).<br \/>\nA a\u00e7\u00e3o representa acolhimento e cuidado. \u201cReceber essas cestas significa mais do que alimentos, \u00e9 acolhimento e esperan\u00e7a para tantas fam\u00edlias da nossa Est\u00e2ncia. Agrade\u00e7o de cora\u00e7\u00e3o ao Fundo Social de S\u00e3o Paulo e \u00e0 primeira-dama e presidente Cristiane Freitas por esse gesto que faz a diferen\u00e7a na vida das pessoas\u201d, destacou \u00c9rika Araujo, emocionada.<br \/>\nA iniciativa refor\u00e7a a import\u00e2ncia da uni\u00e3o entre munic\u00edpio e estado na luta contra a vulnerabilidade social, levando dignidade, conforto e seguran\u00e7a alimentar para quem mais precisa.<\/p>\n","protected":false},"excerpt":{"rendered":"<p>Primeira-dama \u00c9rika Araujo celebra a parceria com o Fundo Social de S\u00e3o Paulo e agradece \u00e0 presidente Cristiane Freitas pelo apoio Um gesto de solidariedade renovou a esperan\u00e7a de muitas fam\u00edlias em Avar\u00e9. No m\u00eas de agosto, a cidade recebeu 500 cestas b\u00e1sicas enviadas pelo Fundo Social de S\u00e3o Paulo (FUSSP), gra\u00e7as ao olhar atento [&hellip;]<\/p>\n","protected":false},"author":2,"featured_media":31958,"comment_status":"open","ping_status":"open","sticky":false,"template":"","format":"standard","meta":{"footnotes":""},"categories":[58],"tags":[],"_links":{"self":[{"href":"https:\/\/sabuguinho.com.br\/site\/wp-json\/wp\/v2\/posts\/31955"}],"collection":[{"href":"https:\/\/sabuguinho.com.br\/site\/wp-json\/wp\/v2\/posts"}],"about":[{"href":"https:\/\/sabuguinho.com.br\/site\/wp-json\/wp\/v2\/types\/post"}],"author":[{"embeddable":true,"href":"https:\/\/sabuguinho.com.br\/site\/wp-json\/wp\/v2\/users\/2"}],"replies":[{"embeddable":true,"href":"https:\/\/sabuguinho.com.br\/site\/wp-json\/wp\/v2\/comments?post=31955"}],"version-history":[{"count":1,"href":"https:\/\/sabuguinho.com.br\/site\/wp-json\/wp\/v2\/posts\/31955\/revisions"}],"predecessor-version":[{"id":31957,"href":"https:\/\/sabuguinho.com.br\/site\/wp-json\/wp\/v2\/posts\/31955\/revisions\/31957"}],"wp:featuredmedia":[{"embeddable":true,"href":"https:\/\/sabuguinho.com.br\/site\/wp-json\/wp\/v2\/media\/31958"}],"wp:attachment":[{"href":"https:\/\/sabuguinho.com.br\/site\/wp-json\/wp\/v2\/media?parent=31955"}],"wp:term":[{"taxonomy":"category","embeddable":true,"href":"https:\/\/sabuguinho.com.br\/site\/wp-json\/wp\/v2\/categories?post=31955"},{"taxonomy":"post_tag","embeddable":true,"href":"https:\/\/sabuguinho.com.br\/site\/wp-json\/wp\/v2\/tags?post=31955"}],"curies":[{"name":"wp","href":"https:\/\/api.w.org\/{rel}","templated":true}]}}