{"id":31923,"date":"2025-09-02T11:21:54","date_gmt":"2025-09-02T14:21:54","guid":{"rendered":"https:\/\/sabuguinho.com.br\/site\/?p=31923"},"modified":"2025-09-02T11:21:54","modified_gmt":"2025-09-02T14:21:54","slug":"taguai-homem-e-preso-preventivamente-apos-esfaquear-vitima-e-roubar-celular","status":"publish","type":"post","link":"https:\/\/sabuguinho.com.br\/site\/taguai-homem-e-preso-preventivamente-apos-esfaquear-vitima-e-roubar-celular\/","title":{"rendered":"TAGUA\u00cd &#8211;  Homem \u00e9 preso preventivamente ap\u00f3s esfaquear v\u00edtima e roubar celular"},"content":{"rendered":"<p>A Pol\u00edcia Civil de Tagua\u00ed prendeu preventivamente, nesta ter\u00e7a-feira, dia 2 de setembro, um homem de 34 anos acusado de um roubo ocorrido na madrugada de 16 de julho, no munic\u00edpio. A ordem judicial foi expedida pela Vara da Comarca de Fartura.<br \/>\nDe acordo com as investiga\u00e7\u00f5es, o acusado surpreendeu a v\u00edtima, de 53 anos, em via p\u00fablica durante a madrugada. Armado com uma faca, ele desferiu golpes contra o homem para subtrair o telefone celular e a quantia aproximada de R$ 165.<br \/>\nAp\u00f3s o ataque, o investigado fugiu do local. Para assegurar a fuga, ainda furtou um ve\u00edculo que estava estacionado em via p\u00fablica e deixou a cidade logo em seguida. O carro foi recuperado posteriormente pela Pol\u00edcia.<br \/>\nA v\u00edtima foi socorrida por uma equipe do SAMU e levada \u00e0 Santa Casa de Tagua\u00ed, onde recebeu atendimento m\u00e9dico devido aos ferimentos causados pelos golpes de faca. Apesar da gravidade, conseguiu relatar \u00e0 pol\u00edcia as circunst\u00e2ncias do ataque.<br \/>\nDurante as dilig\u00eancias, a faca utilizada no crime foi apreendida. Al\u00e9m disso, as investiga\u00e7\u00f5es apontaram que o celular havia sido vendido a uma receptadora no munic\u00edpio vizinho de Ita\u00ed. O aparelho foi recuperado e devolvido \u00e0 v\u00edtima.<br \/>\nEm depoimento inicial, o investigado negou envolvimento. Contudo, em nova oitiva confessou a pr\u00e1tica do roubo, a subtra\u00e7\u00e3o do ve\u00edculo e a venda do celular. A confiss\u00e3o, aliada \u00e0s provas coletadas, fortaleceu o pedido de pris\u00e3o preventiva.<br \/>\n\u201cO trabalho de investiga\u00e7\u00e3o permitiu reunir provas s\u00f3lidas e dar uma resposta r\u00e1pida \u00e0 sociedade. Crimes dessa natureza n\u00e3o podem ficar impunes, e a pris\u00e3o preventiva garante a seguran\u00e7a da comunidade enquanto o processo segue na Justi\u00e7a\u201d, afirmou o Delegado de Pol\u00edcia de Tagua\u00ed, Jo\u00e3o Ricardo de Oliveira Camargo.<br \/>\nO homem foi conduzido \u00e0 Delegacia de Tagua\u00ed, passou por exame de corpo de delito cautelar e permanecer\u00e1 \u00e0 disposi\u00e7\u00e3o da Justi\u00e7a. Ap\u00f3s a audi\u00eancia cust\u00f3dia, ele ser\u00e1 removido para o sistema penitenci\u00e1rio.<br \/>\n O caso segue em tr\u00e2mite para responsabiliza\u00e7\u00e3o criminal do autor.<\/p>\n<p><img loading=\"lazy\" decoding=\"async\" src=\"https:\/\/sabuguinho.com.br\/site\/wp-content\/uploads\/2025\/09\/IMG-20250902-WA0062-150x123.jpg\" alt=\"\" width=\"150\" height=\"123\" class=\"alignnone size-medium wp-image-31924\" srcset=\"https:\/\/sabuguinho.com.br\/site\/wp-content\/uploads\/2025\/09\/IMG-20250902-WA0062-150x123.jpg 150w, https:\/\/sabuguinho.com.br\/site\/wp-content\/uploads\/2025\/09\/IMG-20250902-WA0062-512x420.jpg 512w, https:\/\/sabuguinho.com.br\/site\/wp-content\/uploads\/2025\/09\/IMG-20250902-WA0062-768x630.jpg 768w, https:\/\/sabuguinho.com.br\/site\/wp-content\/uploads\/2025\/09\/IMG-20250902-WA0062-1536x1259.jpg 1536w, https:\/\/sabuguinho.com.br\/site\/wp-content\/uploads\/2025\/09\/IMG-20250902-WA0062-750x615.jpg 750w, https:\/\/sabuguinho.com.br\/site\/wp-content\/uploads\/2025\/09\/IMG-20250902-WA0062-1140x935.jpg 1140w, https:\/\/sabuguinho.com.br\/site\/wp-content\/uploads\/2025\/09\/IMG-20250902-WA0062.jpg 1598w\" sizes=\"(max-width: 150px) 100vw, 150px\" \/><\/p>\n","protected":false},"excerpt":{"rendered":"<p>A Pol\u00edcia Civil de Tagua\u00ed prendeu preventivamente, nesta ter\u00e7a-feira, dia 2 de setembro, um homem de 34 anos acusado de um roubo ocorrido na madrugada de 16 de julho, no munic\u00edpio. A ordem judicial foi expedida pela Vara da Comarca de Fartura. De acordo com as investiga\u00e7\u00f5es, o acusado surpreendeu a v\u00edtima, de 53 anos, [&hellip;]<\/p>\n","protected":false},"author":2,"featured_media":31925,"comment_status":"open","ping_status":"open","sticky":false,"template":"","format":"standard","meta":{"footnotes":""},"categories":[91],"tags":[],"_links":{"self":[{"href":"https:\/\/sabuguinho.com.br\/site\/wp-json\/wp\/v2\/posts\/31923"}],"collection":[{"href":"https:\/\/sabuguinho.com.br\/site\/wp-json\/wp\/v2\/posts"}],"about":[{"href":"https:\/\/sabuguinho.com.br\/site\/wp-json\/wp\/v2\/types\/post"}],"author":[{"embeddable":true,"href":"https:\/\/sabuguinho.com.br\/site\/wp-json\/wp\/v2\/users\/2"}],"replies":[{"embeddable":true,"href":"https:\/\/sabuguinho.com.br\/site\/wp-json\/wp\/v2\/comments?post=31923"}],"version-history":[{"count":1,"href":"https:\/\/sabuguinho.com.br\/site\/wp-json\/wp\/v2\/posts\/31923\/revisions"}],"predecessor-version":[{"id":31926,"href":"https:\/\/sabuguinho.com.br\/site\/wp-json\/wp\/v2\/posts\/31923\/revisions\/31926"}],"wp:featuredmedia":[{"embeddable":true,"href":"https:\/\/sabuguinho.com.br\/site\/wp-json\/wp\/v2\/media\/31925"}],"wp:attachment":[{"href":"https:\/\/sabuguinho.com.br\/site\/wp-json\/wp\/v2\/media?parent=31923"}],"wp:term":[{"taxonomy":"category","embeddable":true,"href":"https:\/\/sabuguinho.com.br\/site\/wp-json\/wp\/v2\/categories?post=31923"},{"taxonomy":"post_tag","embeddable":true,"href":"https:\/\/sabuguinho.com.br\/site\/wp-json\/wp\/v2\/tags?post=31923"}],"curies":[{"name":"wp","href":"https:\/\/api.w.org\/{rel}","templated":true}]}}