{"id":318,"date":"2023-10-31T12:20:23","date_gmt":"2023-10-31T15:20:23","guid":{"rendered":"https:\/\/sabuguinho.com.br\/site\/?p=318"},"modified":"2023-10-31T12:20:23","modified_gmt":"2023-10-31T15:20:23","slug":"avare-recebe-segunda-loja-da-rede-de-farmacias-nissei","status":"publish","type":"post","link":"https:\/\/sabuguinho.com.br\/site\/avare-recebe-segunda-loja-da-rede-de-farmacias-nissei\/","title":{"rendered":"Avar\u00e9 recebe segunda loja da rede de Farm\u00e1cias Nissei"},"content":{"rendered":"<p>Unidade est\u00e1 localizada no centro da cidade e, al\u00e9m de medicamentos, oferece um hub de sa\u00fade<\/p>\n<p>Neste m\u00eas, a cidade de Avar\u00e9 recebeu a segunda unidade da rede de Farm\u00e1cias Nissei. A nova loja encontra-se situada na Avenida Prefeito Paulo Ara\u00fajo Novaes, n\u00b0. 1001, no Centro do munic\u00edpio. Com presen\u00e7a consolidada nos estados de S\u00e3o Paulo, Paran\u00e1 e Santa Catarina, a empresa \u00e9 considerada a s\u00e9tima maior rede de farm\u00e1cias do pa\u00eds em n\u00famero de lojas, segundo a Abrafarma (Associa\u00e7\u00e3o Brasileira de Redes de Farm\u00e1cias e Drogarias).<br \/>\nDe acordo com o CEO da rede, Alexandre Maeoka, a expans\u00e3o no munic\u00edpio tem o objetivo de levar maior comodidade para os mais de 90 mil habitantes. \u201cA cidade j\u00e1 se destaca como p\u00f3lo pol\u00edtico, agropecu\u00e1rio e acad\u00eamico, e nosso objetivo \u00e9 contribuir para que ela se torne igualmente um ponto de refer\u00eancia em sa\u00fade e qualidade de vida\u201d, salienta.<br \/>\nPara contribuir com essa miss\u00e3o, a empresa oferece uma cl\u00ednica farma, que disp\u00f5e de farmac\u00eauticos especializados para oferecer orienta\u00e7\u00f5es, acompanhar o calend\u00e1rio de vacina\u00e7\u00e3o, realizar exames preventivos, gerenciar e monitorar condi\u00e7\u00f5es de sa\u00fade, al\u00e9m de oferecer uma ampla gama de outros servi\u00e7os. A rede ainda oferece o Clube de Benef\u00edcios, no qual clientes registrados podem acessar descontos exclusivos.<br \/>\nAl\u00e9m do hub de sa\u00fade, a farm\u00e1cia disp\u00f5e de mais de 15 mil itens, entre medicamentos, produtos de higiene, beleza, perfumaria e mercearia, incluindo seus produtos de marcas pr\u00f3prias: Cuidmais (solu\u00e7\u00f5es para o cuidado pessoal e primeiros socorros), Fresha (rotina de cuidados di\u00e1rios e higiene pessoal), Aishy (cuidados com a pele), Uni Buni T\u00ea (acess\u00f3rios de beleza, cutelaria e banho) e Goood+ (alimentos pr\u00e1ticos e saborosos).<br \/>\nA loja da Avenida Prefeito Paulo Ara\u00fajo Novaes possui 289 m\u00b2 e estacionamento pr\u00f3prio para maior comodidade dos clientes. O funcionamento \u00e9 de segunda a sexta-feira, das 7h \u00e0s 23h; aos s\u00e1bados das 07h \u00e0s 22h; e aos domingos e feriados, das 9h \u00e0s 21h.<\/p>\n<p>Sobre as Farm\u00e1cias Nissei<\/p>\n<p>Com mais de 35 anos de tradi\u00e7\u00e3o no mercado paranaense e atua\u00e7\u00e3o nos estados do Paran\u00e1, S\u00e3o Paulo e Santa Catarina, a Nissei \u00e9 considerada a s\u00e9tima maior rede de farm\u00e1cias do pa\u00eds em n\u00famero de lojas, segundo a Abrafarma (Associa\u00e7\u00e3o Brasileira de Redes de Farm\u00e1cias e Drogarias). A rede \u00e9 credenciada do Programa do Governo Federal Farm\u00e1cia Popular, que oferta descontos especiais e at\u00e9 rem\u00e9dios essenciais gratuitos.<br \/>\nA Nissei conta hoje com mais de 370 lojas, que geram mais de 6 mil empregos diretos e atendem a mais de 3,5 milh\u00f5es de clientes por m\u00eas. A rede foi respons\u00e1vel por introduzir o conceito de drugstore no mercado paranaense e oferece ao estado o maior n\u00famero de farm\u00e1cias 24 horas. As lojas s\u00e3o conhecidas por seus espa\u00e7os modernos, de f\u00e1cil localiza\u00e7\u00e3o, amplos estacionamentos, diversidade de produtos e disponibilidade de farmac\u00eauticos qualificados, que promovem o melhor atendimento profissional.<\/p>\n<p><img loading=\"lazy\" decoding=\"async\" src=\"https:\/\/sabuguinho.com.br\/site\/wp-content\/uploads\/2023\/10\/Nissei-em-Avare_SP_1-150x100.jpeg\" alt=\"\" width=\"150\" height=\"100\" class=\"alignnone size-medium wp-image-319\" srcset=\"https:\/\/sabuguinho.com.br\/site\/wp-content\/uploads\/2023\/10\/Nissei-em-Avare_SP_1-150x100.jpeg 150w, https:\/\/sabuguinho.com.br\/site\/wp-content\/uploads\/2023\/10\/Nissei-em-Avare_SP_1-512x342.jpeg 512w, https:\/\/sabuguinho.com.br\/site\/wp-content\/uploads\/2023\/10\/Nissei-em-Avare_SP_1.jpeg 736w\" sizes=\"(max-width: 150px) 100vw, 150px\" \/><\/p>\n","protected":false},"excerpt":{"rendered":"<p>Unidade est\u00e1 localizada no centro da cidade e, al\u00e9m de medicamentos, oferece um hub de sa\u00fade Neste m\u00eas, a cidade de Avar\u00e9 recebeu a segunda unidade da rede de Farm\u00e1cias Nissei. A nova loja encontra-se situada na Avenida Prefeito Paulo Ara\u00fajo Novaes, n\u00b0. 1001, no Centro do munic\u00edpio. Com presen\u00e7a consolidada nos estados de S\u00e3o [&hellip;]<\/p>\n","protected":false},"author":2,"featured_media":320,"comment_status":"open","ping_status":"open","sticky":false,"template":"","format":"standard","meta":{"footnotes":""},"categories":[58],"tags":[],"_links":{"self":[{"href":"https:\/\/sabuguinho.com.br\/site\/wp-json\/wp\/v2\/posts\/318"}],"collection":[{"href":"https:\/\/sabuguinho.com.br\/site\/wp-json\/wp\/v2\/posts"}],"about":[{"href":"https:\/\/sabuguinho.com.br\/site\/wp-json\/wp\/v2\/types\/post"}],"author":[{"embeddable":true,"href":"https:\/\/sabuguinho.com.br\/site\/wp-json\/wp\/v2\/users\/2"}],"replies":[{"embeddable":true,"href":"https:\/\/sabuguinho.com.br\/site\/wp-json\/wp\/v2\/comments?post=318"}],"version-history":[{"count":1,"href":"https:\/\/sabuguinho.com.br\/site\/wp-json\/wp\/v2\/posts\/318\/revisions"}],"predecessor-version":[{"id":321,"href":"https:\/\/sabuguinho.com.br\/site\/wp-json\/wp\/v2\/posts\/318\/revisions\/321"}],"wp:featuredmedia":[{"embeddable":true,"href":"https:\/\/sabuguinho.com.br\/site\/wp-json\/wp\/v2\/media\/320"}],"wp:attachment":[{"href":"https:\/\/sabuguinho.com.br\/site\/wp-json\/wp\/v2\/media?parent=318"}],"wp:term":[{"taxonomy":"category","embeddable":true,"href":"https:\/\/sabuguinho.com.br\/site\/wp-json\/wp\/v2\/categories?post=318"},{"taxonomy":"post_tag","embeddable":true,"href":"https:\/\/sabuguinho.com.br\/site\/wp-json\/wp\/v2\/tags?post=318"}],"curies":[{"name":"wp","href":"https:\/\/api.w.org\/{rel}","templated":true}]}}