{"id":31775,"date":"2025-08-31T20:11:09","date_gmt":"2025-08-31T23:11:09","guid":{"rendered":"https:\/\/sabuguinho.com.br\/site\/?p=31775"},"modified":"2025-08-31T20:11:09","modified_gmt":"2025-08-31T23:11:09","slug":"feira-online-tem-7-mil-vagas-de-emprego-para-pessoas-com-deficiencia","status":"publish","type":"post","link":"https:\/\/sabuguinho.com.br\/site\/feira-online-tem-7-mil-vagas-de-emprego-para-pessoas-com-deficiencia\/","title":{"rendered":"Feira online tem 7 mil vagas de emprego para pessoas com defici\u00eancia"},"content":{"rendered":"<p>Sexta edi\u00e7\u00e3o da Inclui PcD est\u00e1 marcada para os dias 2 e 3 de setembro<\/p>\n<p>Bruno de Freitas Moura &#8211; Rep\u00f3rter da Ag\u00eancia Brasil<\/p>\n<p>O m\u00eas de setembro, quando \u00e9 lembrado o Dia Nacional de Luta da Pessoa com Defici\u00eancia (21), come\u00e7a com uma feira online que vai oferecer 7 mil vagas de emprego para pessoas com defici\u00eancia (PCD). Participam do mutir\u00e3o virtual empresas como Ambev, CSN, Grupo Botic\u00e1rio, L\u2019Or\u00e9al, Mercedes Benz do Brasil, Stone, SulAm\u00e9rica e Vivo.<br \/>\nA feira Inclui PcD, al\u00e9m de permitir oportunidades de emprego, disponibiliza uma s\u00e9rie de palestras e pain\u00e9is sobre diversidade e inclus\u00e3o, nos dias 2 e 3 de setembro. O uso da plataforma \u00e9 gratuito, bastando se inscrever no site.<br \/>\nA iniciativa de aproximar companhias e pessoas com defici\u00eancia interessadas em vagas de emprego \u00e9 da Egalite, empresa especializada em inclus\u00e3o de PCDs no mercado de trabalho.<br \/>\nAs vagas s\u00e3o em diversas \u00e1reas e regi\u00f5es. Os n\u00edveis e cargos tamb\u00e9m s\u00e3o distintos. Ao fazer a inscri\u00e7\u00e3o no site, a pessoa pode se cadastrar dentro das seguintes categorias:<\/p>\n<p>defici\u00eancia auditiva<br \/>\ndefici\u00eancia f\u00edsica<br \/>\ndefici\u00eancia intelectual<br \/>\ndefici\u00eancia psicossocial<br \/>\ndefici\u00eancia visual<br \/>\ntranstorno do espectro autista<br \/>\nreabilitado do Instituto Nacional do Seguro Social (INSS)<\/p>\n<p>Mais de 14 milh\u00f5es de PCDs<br \/>\nO Brasil tem cerca de 14,4 milh\u00f5es de pessoas com defici\u00eancia, segundo o Censo 2022 do Instituto Brasileiro de Geografia e Estat\u00edstica (IBGE), o que representa 7,3% da popula\u00e7\u00e3o do pa\u00eds com 2 anos ou mais de idade.<br \/>\nO censo tamb\u00e9m mostrou que 2,4 milh\u00f5es de pessoas declararam ter recebido diagn\u00f3stico de transtorno do espectro autista (TEA). O n\u00famero corresponde a 1,2% da popula\u00e7\u00e3o brasileira.<\/p>\n<p>A Lei 8.213\/91 reserva vaga para PCD em empresas com pelo menos 100 funcion\u00e1rios.<\/p>\n<p>Outra pesquisa do IBGE, a Pesquisa Nacional por Amostra de Domic\u00edlios, de 2022, apontou que o n\u00edvel de ocupa\u00e7\u00e3o \u2013 percentual de pessoas ocupadas na popula\u00e7\u00e3o em idade de trabalhar \u2013 foi de 26,6% para as pessoas com defici\u00eancia, patamar bem abaixo do das pessoas sem defici\u00eancia (60,7%).<br \/>\nO levantamento revelou tamb\u00e9m que, das pessoas com defici\u00eancia que trabalhavam, 55% estavam na informalidade, isto \u00e9, sem direitos trabalhistas. Entre as pessoas sem defici\u00eancia, o percentual era 38,7%.<br \/>\nNa sua sexta edi\u00e7\u00e3o anual, a Inclui PcD espera contribuir para diminuir essas desvantagens de PCD no mercado de trabalho exposta pelas pesquisas. Nas cinco feiras anteriores, foram oferecidas 35 mil vagas de emprego.<br \/>\nO diretor executivo da Egalite, Guilherme Braga, disse \u00e0 Ag\u00eancia Brasil que a inclus\u00e3o de PCDs nos quadros traz benef\u00edcios para empresas.<br \/>\n\u201cTem uma quest\u00e3o muito forte de inova\u00e7\u00e3o, quando a gente fala de uma equipe mais diversa, porque tem diferentes pontos de vistas\u201d, afirmou.<br \/>\n\u201cTer uma for\u00e7a de trabalho que reflete melhor a sociedade vai fazer com que essa empresa pense em como solucionar os problemas, como atender os seus clientes de uma forma mais criativa, mais inovadora e atendendo a maiores p\u00fablicos\u201d, completou o diretor.<\/p>\n","protected":false},"excerpt":{"rendered":"<p>Sexta edi\u00e7\u00e3o da Inclui PcD est\u00e1 marcada para os dias 2 e 3 de setembro Bruno de Freitas Moura &#8211; Rep\u00f3rter da Ag\u00eancia Brasil O m\u00eas de setembro, quando \u00e9 lembrado o Dia Nacional de Luta da Pessoa com Defici\u00eancia (21), come\u00e7a com uma feira online que vai oferecer 7 mil vagas de emprego para [&hellip;]<\/p>\n","protected":false},"author":2,"featured_media":31778,"comment_status":"open","ping_status":"open","sticky":false,"template":"","format":"standard","meta":{"footnotes":""},"categories":[61],"tags":[],"_links":{"self":[{"href":"https:\/\/sabuguinho.com.br\/site\/wp-json\/wp\/v2\/posts\/31775"}],"collection":[{"href":"https:\/\/sabuguinho.com.br\/site\/wp-json\/wp\/v2\/posts"}],"about":[{"href":"https:\/\/sabuguinho.com.br\/site\/wp-json\/wp\/v2\/types\/post"}],"author":[{"embeddable":true,"href":"https:\/\/sabuguinho.com.br\/site\/wp-json\/wp\/v2\/users\/2"}],"replies":[{"embeddable":true,"href":"https:\/\/sabuguinho.com.br\/site\/wp-json\/wp\/v2\/comments?post=31775"}],"version-history":[{"count":1,"href":"https:\/\/sabuguinho.com.br\/site\/wp-json\/wp\/v2\/posts\/31775\/revisions"}],"predecessor-version":[{"id":31779,"href":"https:\/\/sabuguinho.com.br\/site\/wp-json\/wp\/v2\/posts\/31775\/revisions\/31779"}],"wp:featuredmedia":[{"embeddable":true,"href":"https:\/\/sabuguinho.com.br\/site\/wp-json\/wp\/v2\/media\/31778"}],"wp:attachment":[{"href":"https:\/\/sabuguinho.com.br\/site\/wp-json\/wp\/v2\/media?parent=31775"}],"wp:term":[{"taxonomy":"category","embeddable":true,"href":"https:\/\/sabuguinho.com.br\/site\/wp-json\/wp\/v2\/categories?post=31775"},{"taxonomy":"post_tag","embeddable":true,"href":"https:\/\/sabuguinho.com.br\/site\/wp-json\/wp\/v2\/tags?post=31775"}],"curies":[{"name":"wp","href":"https:\/\/api.w.org\/{rel}","templated":true}]}}