{"id":31750,"date":"2025-08-31T15:57:46","date_gmt":"2025-08-31T18:57:46","guid":{"rendered":"https:\/\/sabuguinho.com.br\/site\/?p=31750"},"modified":"2025-08-31T15:57:46","modified_gmt":"2025-08-31T18:57:46","slug":"reuniao-discute-seguranca-e-criacao-do-vizinhanca-solidaria-no-costa-azul-em-avare","status":"publish","type":"post","link":"https:\/\/sabuguinho.com.br\/site\/reuniao-discute-seguranca-e-criacao-do-vizinhanca-solidaria-no-costa-azul-em-avare\/","title":{"rendered":"REUNI\u00c3O DISCUTE SEGURAN\u00c7A E CRIA\u00c7\u00c3O DO \u201cVIZINHAN\u00c7A SOLID\u00c1RIA\u201d NO COSTA AZUL EM AVAR\u00c9"},"content":{"rendered":"<p>Em um esfor\u00e7o para refor\u00e7ar a seguran\u00e7a e a colabora\u00e7\u00e3o entre os moradores, uma importante reuni\u00e3o foi realizada no (30) no bairro Costa Azul, em Avar\u00e9. O encontro, que contou com a presen\u00e7a de mais de 70 residentes, teve como principal objetivo a apresenta\u00e7\u00e3o e a futura implementa\u00e7\u00e3o do programa Vizinhan\u00e7a Solid\u00e1ria.<br \/>\nA pauta do evento foi conduzida pelo Capit\u00e3o PM Mauricio, Comandante da 1\u00aa Companhia da Pol\u00edcia Militar, que detalhou o funcionamento do programa e sua relev\u00e2ncia para a seguran\u00e7a da comunidade. O Capit\u00e3o tamb\u00e9m enfatizou a import\u00e2ncia do registro de boletins de ocorr\u00eancia e explicou como os moradores podem realizar esse procedimento de forma online, simplificando o processo.<br \/>\nAl\u00e9m da explana\u00e7\u00e3o sobre a seguran\u00e7a, a reuni\u00e3o abordou o uso e a din\u00e2mica dos grupos de WhatsApp do programa, instruindo os participantes sobre a melhor forma de utiliz\u00e1-los para manter a comunica\u00e7\u00e3o e a vigil\u00e2ncia no bairro.<br \/>\nA iniciativa de realizar o encontro partiu do vereador Moacir Lima (PSD), que recebeu agradecimentos dos moradores pelo seu empenho em viabilizar a discuss\u00e3o. Outras autoridades tamb\u00e9m estiveram presentes, como os secret\u00e1rios Jorge Cavaleira (Seguran\u00e7a P\u00fablica), Claudinei Borges (Turismo) e Tom Murbach (Gest\u00e3o P\u00fablica). O apoio do prefeito Roberto Ara\u00fajo tamb\u00e9m foi destacado como fundamental para a realiza\u00e7\u00e3o do evento.<br \/>\nA mobiliza\u00e7\u00e3o dos moradores Muriellen e Alessandro, que t\u00eam lutado por diversas melhorias na regi\u00e3o, como ilumina\u00e7\u00e3o p\u00fablica e limpeza, foi enaltecida durante a reuni\u00e3o. A administra\u00e7\u00e3o do Camping Municipal, representada por Jana\u00edna, tamb\u00e9m foi reconhecida por ceder o espa\u00e7o para o encontro, e Eliane foi agradecida pela ajuda na divulga\u00e7\u00e3o.<br \/>\nA reuni\u00e3o foi considerada bastante produtiva pelos participantes, que tiveram suas d\u00favidas esclarecidas pelo Capit\u00e3o PM Mauricio. Foi prometido que outras reuni\u00f5es ser\u00e3o organizadas em breve com o vereador Moacir Lima para continuar discutindo as demandas do bairro.<br \/>\nO trabalho conjunto de moradores, lideran\u00e7as comunit\u00e1rias e autoridades tem o objetivo de melhorar a qualidade de vida e a seguran\u00e7a no Costa Azul e na regi\u00e3o da represa. As redes sociais da comunidade est\u00e3o \u00e0 disposi\u00e7\u00e3o do Comando da PM e do vereador para a divulga\u00e7\u00e3o das melhorias.<\/p>\n","protected":false},"excerpt":{"rendered":"<p>Em um esfor\u00e7o para refor\u00e7ar a seguran\u00e7a e a colabora\u00e7\u00e3o entre os moradores, uma importante reuni\u00e3o foi realizada no (30) no bairro Costa Azul, em Avar\u00e9. O encontro, que contou com a presen\u00e7a de mais de 70 residentes, teve como principal objetivo a apresenta\u00e7\u00e3o e a futura implementa\u00e7\u00e3o do programa Vizinhan\u00e7a Solid\u00e1ria. A pauta do [&hellip;]<\/p>\n","protected":false},"author":2,"featured_media":31752,"comment_status":"open","ping_status":"open","sticky":false,"template":"","format":"standard","meta":{"footnotes":""},"categories":[58],"tags":[],"_links":{"self":[{"href":"https:\/\/sabuguinho.com.br\/site\/wp-json\/wp\/v2\/posts\/31750"}],"collection":[{"href":"https:\/\/sabuguinho.com.br\/site\/wp-json\/wp\/v2\/posts"}],"about":[{"href":"https:\/\/sabuguinho.com.br\/site\/wp-json\/wp\/v2\/types\/post"}],"author":[{"embeddable":true,"href":"https:\/\/sabuguinho.com.br\/site\/wp-json\/wp\/v2\/users\/2"}],"replies":[{"embeddable":true,"href":"https:\/\/sabuguinho.com.br\/site\/wp-json\/wp\/v2\/comments?post=31750"}],"version-history":[{"count":1,"href":"https:\/\/sabuguinho.com.br\/site\/wp-json\/wp\/v2\/posts\/31750\/revisions"}],"predecessor-version":[{"id":31753,"href":"https:\/\/sabuguinho.com.br\/site\/wp-json\/wp\/v2\/posts\/31750\/revisions\/31753"}],"wp:featuredmedia":[{"embeddable":true,"href":"https:\/\/sabuguinho.com.br\/site\/wp-json\/wp\/v2\/media\/31752"}],"wp:attachment":[{"href":"https:\/\/sabuguinho.com.br\/site\/wp-json\/wp\/v2\/media?parent=31750"}],"wp:term":[{"taxonomy":"category","embeddable":true,"href":"https:\/\/sabuguinho.com.br\/site\/wp-json\/wp\/v2\/categories?post=31750"},{"taxonomy":"post_tag","embeddable":true,"href":"https:\/\/sabuguinho.com.br\/site\/wp-json\/wp\/v2\/tags?post=31750"}],"curies":[{"name":"wp","href":"https:\/\/api.w.org\/{rel}","templated":true}]}}