{"id":31744,"date":"2025-08-31T13:44:33","date_gmt":"2025-08-31T16:44:33","guid":{"rendered":"https:\/\/sabuguinho.com.br\/site\/?p=31744"},"modified":"2025-08-31T13:44:33","modified_gmt":"2025-08-31T16:44:33","slug":"tv-tem-passa-a-transmitir-sinal-da-tv-globo-na-regiao-de-prudente","status":"publish","type":"post","link":"https:\/\/sabuguinho.com.br\/site\/tv-tem-passa-a-transmitir-sinal-da-tv-globo-na-regiao-de-prudente\/","title":{"rendered":"TV TEM passa a transmitir sinal da TV Globo na regi\u00e3o de Prudente"},"content":{"rendered":"<p>TV Fronteira promete manter telejornais; programa\u00e7\u00e3o ainda \u00e9 incerta<\/p>\n<p>Da Reda\u00e7\u00e3o<\/p>\n<p>Ap\u00f3s 31 anos, a regi\u00e3o de Presidente Prudente passa a ter uma nova retransmissora da TV Globo. A partir da meia-noite de segunda-feira (1\u00ba), os telespectadores assistir\u00e3o a programa\u00e7\u00e3o por meio da TV TEM Bauru.<br \/>\nA mudan\u00e7a ocorre ap\u00f3s a TV Globo decidir n\u00e3o renovar o contrato com a TV Fronteira. Apesar de tentativas judiciais em busca da extens\u00e3o contratual, a emissora prudentina n\u00e3o contar\u00e1 mais com a programa\u00e7\u00e3o da maior rede televisiva do pa\u00eds.<br \/>\nPara assistir a TV TEM, os telespectadores da regi\u00e3o que recebem o sinal terrestre digital (antena externa) precisar\u00e3o fazer uma ressintonia do aparelho. Para isso, basta acessar configura\u00e7\u00f5es, menu, canais ou transmiss\u00e3o e fazer a \u201cbusca de canais\u201d para assistir \u00e0 TV TEM pelo canal 23.1. Os nomes das fun\u00e7\u00f5es podem variar de acordo com a marca do aparelho.<br \/>\nOs usu\u00e1rios que utilizam o sinal de tv a cabo e antena parab\u00f3lica ter\u00e3o a ressintonia feita automaticamente de forma gradativa pelas operadoras.<br \/>\nOutra novidade \u00e9 que o g1 Presidente Prudente segue com sua atua\u00e7\u00e3o local, com foco para o que acontece no entorno. O mesmo ocorre com o site ge; ambos, agora, de responsabilidade da TEM.<br \/>\nA TV TEM passa a distribuir seu sinal para 60% de todo o territ\u00f3rio paulista, por meio de suas sedes nas cidades de Sorocaba, Itapetininga, Bauru e S\u00e3o Jos\u00e9 do Rio Preto.<\/p>\n<p>Conte\u00fado regional prejudicado<\/p>\n<p>Com a sa\u00edda da TV Fronteira do sistema, n\u00e3o haver\u00e1 jornais locais pela TV TEM, que transmitir\u00e1 os informativos gerados de Bauru e Rio Preto. Os seus telejornais contar\u00e3o com destaque para assuntos da regi\u00e3o, contudo, de forma diminuta.<\/p>\n<p>Segue<\/p>\n<p>A TV Fronteira, em comunicado, afirma seguir com sua programa\u00e7\u00e3o local por meio dos seus telejornais nos hor\u00e1rios habituais. Por\u00e9m, ainda n\u00e3o definiu como preencher\u00e1 as 24 horas de transmiss\u00e3o; atualmente, os jornais somam tr\u00eas horas de programa\u00e7\u00e3o.<br \/>\nO grupo ainda mant\u00e9m a marca CBN, retransmitindo programas da rede de r\u00e1dios e levando ao ar conte\u00fado local. <\/p>\n<p>Legenda<br \/>\nCom a sa\u00edda da TV Fronteira do sistema, n\u00e3o haver\u00e1 jornais locais pela TV TEM, que transmitir\u00e1 os informativos gerados de Bauru e Rio Preto (Foto: Arquivo\/EBC)<\/p>\n","protected":false},"excerpt":{"rendered":"<p>TV Fronteira promete manter telejornais; programa\u00e7\u00e3o ainda \u00e9 incerta Da Reda\u00e7\u00e3o Ap\u00f3s 31 anos, a regi\u00e3o de Presidente Prudente passa a ter uma nova retransmissora da TV Globo. A partir da meia-noite de segunda-feira (1\u00ba), os telespectadores assistir\u00e3o a programa\u00e7\u00e3o por meio da TV TEM Bauru. A mudan\u00e7a ocorre ap\u00f3s a TV Globo decidir n\u00e3o [&hellip;]<\/p>\n","protected":false},"author":2,"featured_media":31745,"comment_status":"open","ping_status":"open","sticky":false,"template":"","format":"standard","meta":{"footnotes":""},"categories":[119],"tags":[],"_links":{"self":[{"href":"https:\/\/sabuguinho.com.br\/site\/wp-json\/wp\/v2\/posts\/31744"}],"collection":[{"href":"https:\/\/sabuguinho.com.br\/site\/wp-json\/wp\/v2\/posts"}],"about":[{"href":"https:\/\/sabuguinho.com.br\/site\/wp-json\/wp\/v2\/types\/post"}],"author":[{"embeddable":true,"href":"https:\/\/sabuguinho.com.br\/site\/wp-json\/wp\/v2\/users\/2"}],"replies":[{"embeddable":true,"href":"https:\/\/sabuguinho.com.br\/site\/wp-json\/wp\/v2\/comments?post=31744"}],"version-history":[{"count":1,"href":"https:\/\/sabuguinho.com.br\/site\/wp-json\/wp\/v2\/posts\/31744\/revisions"}],"predecessor-version":[{"id":31746,"href":"https:\/\/sabuguinho.com.br\/site\/wp-json\/wp\/v2\/posts\/31744\/revisions\/31746"}],"wp:featuredmedia":[{"embeddable":true,"href":"https:\/\/sabuguinho.com.br\/site\/wp-json\/wp\/v2\/media\/31745"}],"wp:attachment":[{"href":"https:\/\/sabuguinho.com.br\/site\/wp-json\/wp\/v2\/media?parent=31744"}],"wp:term":[{"taxonomy":"category","embeddable":true,"href":"https:\/\/sabuguinho.com.br\/site\/wp-json\/wp\/v2\/categories?post=31744"},{"taxonomy":"post_tag","embeddable":true,"href":"https:\/\/sabuguinho.com.br\/site\/wp-json\/wp\/v2\/tags?post=31744"}],"curies":[{"name":"wp","href":"https:\/\/api.w.org\/{rel}","templated":true}]}}