{"id":31707,"date":"2025-08-30T16:26:24","date_gmt":"2025-08-30T19:26:24","guid":{"rendered":"https:\/\/sabuguinho.com.br\/site\/?p=31707"},"modified":"2025-08-30T16:26:24","modified_gmt":"2025-08-30T19:26:24","slug":"dono-de-circo-que-deixou-avare-anuncia-acao-judicial-contra-vereadora-a-forma-que-ela-falou-do-circo-foi-pejorativa-foi-como-se-a-gente-fosse-bandido","status":"publish","type":"post","link":"https:\/\/sabuguinho.com.br\/site\/dono-de-circo-que-deixou-avare-anuncia-acao-judicial-contra-vereadora-a-forma-que-ela-falou-do-circo-foi-pejorativa-foi-como-se-a-gente-fosse-bandido\/","title":{"rendered":"DONO DE CIRCO QUE DEIXOU AVAR\u00c9 ANUNCIA A\u00c7\u00c3O JUDICIAL CONTRA VEREADORA: \u201cA FORMA QUE ELA FALOU DO CIRCO FOI PEJORATIVA, FOI COMO SE A GENTE FOSSE BANDIDO\u201d"},"content":{"rendered":"<p>O propriet\u00e1rio do Dover Circo, Douver Adriano, revelou que a Cooperativa Brasileira do Circo (Circoop) dever\u00e1 ingressar com uma a\u00e7\u00e3o judicial e uma representa\u00e7\u00e3o no Conselho de \u00c9tica da C\u00e2mara Municipal de Avar\u00e9 contra a vereadora Adalgisa Ward. A decis\u00e3o, segundo ele, foi motivada por um v\u00eddeo publicado pela parlamentar, que questionava a legalidade e a localiza\u00e7\u00e3o do empreendimento, o que, para Douver, causou a sa\u00edda prematura da cidade.<br \/>\nEm entrevista ao influencer Pauloh Proen\u00e7a nas redes sociais na sexta-feira (29), Douver explicou que o circo deixou Avar\u00e9 na \u00faltima ter\u00e7a-feira (26) devido \u00e0 repercuss\u00e3o negativa gerada pelo v\u00eddeo de Adalgisa, publicado em 22 de agosto. \u201cEu me senti ofendido. Por que, da forma que ela disse: \u2018olha o perigo aqui na frente da escola\u2019, que perigo o circo vai trazer para a crian\u00e7a?\u201d, questionou.<br \/>\nO v\u00eddeo em quest\u00e3o, gravado em frente \u00e0 Escola Jos\u00e9 Rebou\u00e7as de Carvalho, no bairro Santa Elizabeth, mostrava a vereadora questionando a presen\u00e7a do circo no local e se ele possu\u00eda alvar\u00e1. A publica\u00e7\u00e3o gerou grande pol\u00eamica, e um representante do circo chegou a culpar a parlamentar pela decis\u00e3o de deixar a cidade.<br \/>\nDouver disse que o circo operava com toda a documenta\u00e7\u00e3o necess\u00e1ria, incluindo AVCB (Auto de Vistoria do Corpo de Bombeiros) e alvar\u00e1, e que a localiza\u00e7\u00e3o foi escolhida em parceria com a Secretaria de Cultura do munic\u00edpio. \u201cO circo estava totalmente legal dentro de Avar\u00e9. Por que o circo foi embora de Avar\u00e9? O circo foi embora de Avar\u00e9 porque depois que a senhora Adalgisa, a vereadora, esteve em frente ao circo, fez um v\u00eddeo que, no meu entender, e eu acho que de muita gente que acompanhou o v\u00eddeo, foi pejorativo, foi ofensivo e at\u00e9 preconceituoso\u201d, desabafou.<br \/>\nO propriet\u00e1rio do circo ressaltou que, se a inten\u00e7\u00e3o da vereadora fosse apenas fiscalizar, ela poderia ter solicitado os documentos diretamente. \u201cFiscalizar era ter chegado na portaria do circo, se identificado como vereadora, [e perguntado] \u2018voc\u00eas t\u00eam documenta\u00e7\u00e3o, tem como mostrar o alvar\u00e1, tem como mostrar o AVCB?\u2019, e a gente ia estar pronto e ia mostrando\u201d, disse Douver.<br \/>\nEle ainda afirmou que tentou contato com a vereadora para esclarecer a situa\u00e7\u00e3o e que pediu para ela retirar o v\u00eddeo, mas ela se negou. \u201cO circo era fechado \u00e0 portaria durante o dia, n\u00e3o tinha entra e sai de ningu\u00e9m, as pessoas que trabalham no circo, claro, elas t\u00eam que sair e entrar, mas eles usavam a parte do fundo, do outro lado. A gente ficou entre duas ruas, ent\u00e3o a gente entrava e sa\u00eda pelo fundo do circo, mas as pessoas que trabalham no circo s\u00e3o todas fam\u00edlias\u201d, disse.<br \/>\n\u201cO que ela veio fazer na frente do circo foi um v\u00eddeo, e um v\u00eddeo onde ela taxa a gente como bandido, porque ela falou, aonde j\u00e1 se viu um circo aqui na frente da escola, com um povo estranho, entra e sai. Ela mostrou o circo, e a forma que ela mostrou prejudicou, porque a partir disso eu senti que o meu movimento caiu, eu comecei a receber muita mensagem perguntando qual o perigo que o circo tem, quem \u00e9 esse povo que entra e sai do circo toda hora\u201d.<br \/>\nDouver Adriano finalizou dizendo que o v\u00eddeo prejudicou a imagem do circo na cidade. \u201cA forma que ela colocou deu a impress\u00e3o que o circo tem bandido. O circo, ent\u00e3o, tem perigo. Qual o perigo que o circo tem por ter montado em frente a uma escola?\u201d, questionou, enfatizando que a repercuss\u00e3o negativa causou uma queda no p\u00fablico e inviabilizou a continuidade das apresenta\u00e7\u00f5es. A repercuss\u00e3o do caso foi tamanha que, segundo Douver, o circo foi procurado at\u00e9 mesmo por diretores do programa do apresentador Ratinho, que se solidarizaram com a situa\u00e7\u00e3o.<br \/>\nO circense informou que, ap\u00f3s a pol\u00eamica, o circo foi pra cidade de Itatinga. \u201cEu estou agora na cidade de Itatinga, estou em frente \u00e0 escola, programado em frente \u00e0 escola na Pra\u00e7a da Fam\u00edlia. Ent\u00e3o, \u00e9 um privil\u00e9gio um circo ter em frente \u00e0 escola, porque abre um leque muito grande para as crian\u00e7as trabalharem. Circo \u00e9 divers\u00e3o, \u00e9 alegria, n\u00e3o tem perigo nenhum. Pelo contr\u00e1rio, o circo, a gente tem 24 horas de seguran\u00e7a no circo, tem as c\u00e2meras filmando e outra coisa. As pessoas que trabalham no circo s\u00e3o fam\u00edlias, meus filhos\u201d, disse.<\/p>\n<p>OUTRO LADO \u2013 Adalgisa Ward se defendeu na sess\u00e3o da C\u00e2mara de segunda-feira (25), alegando que n\u00e3o criticou o circo, mas sim o local de instala\u00e7\u00e3o. Ela afirmou que apenas questionou a situa\u00e7\u00e3o ap\u00f3s receber supostas reclama\u00e7\u00f5es de m\u00e3es preocupadas. \u201cEu n\u00e3o falei mal do circo. Fui procurada por m\u00e3es que falaram que tinha um circo na frente da escola. Fui no local e perguntei: \u2018Um circo perto de uma escola? Ser\u00e1 que foi dado o alvar\u00e1 para que esse circo ficasse aqui?&#8217;\u201d, declarou a vereadora. \u201cEu sou favor\u00e1vel ao circo, sou favor\u00e1vel \u00e0 Cultura e ao entretenimento, ao lazer para essas crian\u00e7as. Eu, em nenhum momento, falei mal do circo.\u201d<br \/>\nApesar da justificativa, a publica\u00e7\u00e3o e suas consequ\u00eancias acenderam um debate sobre os limites da fiscaliza\u00e7\u00e3o parlamentar e o impacto de declara\u00e7\u00f5es p\u00fablicas sobre pequenos empreendedores e iniciativas culturais.<\/p>\n","protected":false},"excerpt":{"rendered":"<p>O propriet\u00e1rio do Dover Circo, Douver Adriano, revelou que a Cooperativa Brasileira do Circo (Circoop) dever\u00e1 ingressar com uma a\u00e7\u00e3o judicial e uma representa\u00e7\u00e3o no Conselho de \u00c9tica da C\u00e2mara Municipal de Avar\u00e9 contra a vereadora Adalgisa Ward. A decis\u00e3o, segundo ele, foi motivada por um v\u00eddeo publicado pela parlamentar, que questionava a legalidade e [&hellip;]<\/p>\n","protected":false},"author":2,"featured_media":31708,"comment_status":"open","ping_status":"open","sticky":false,"template":"","format":"standard","meta":{"footnotes":""},"categories":[58],"tags":[],"_links":{"self":[{"href":"https:\/\/sabuguinho.com.br\/site\/wp-json\/wp\/v2\/posts\/31707"}],"collection":[{"href":"https:\/\/sabuguinho.com.br\/site\/wp-json\/wp\/v2\/posts"}],"about":[{"href":"https:\/\/sabuguinho.com.br\/site\/wp-json\/wp\/v2\/types\/post"}],"author":[{"embeddable":true,"href":"https:\/\/sabuguinho.com.br\/site\/wp-json\/wp\/v2\/users\/2"}],"replies":[{"embeddable":true,"href":"https:\/\/sabuguinho.com.br\/site\/wp-json\/wp\/v2\/comments?post=31707"}],"version-history":[{"count":1,"href":"https:\/\/sabuguinho.com.br\/site\/wp-json\/wp\/v2\/posts\/31707\/revisions"}],"predecessor-version":[{"id":31709,"href":"https:\/\/sabuguinho.com.br\/site\/wp-json\/wp\/v2\/posts\/31707\/revisions\/31709"}],"wp:featuredmedia":[{"embeddable":true,"href":"https:\/\/sabuguinho.com.br\/site\/wp-json\/wp\/v2\/media\/31708"}],"wp:attachment":[{"href":"https:\/\/sabuguinho.com.br\/site\/wp-json\/wp\/v2\/media?parent=31707"}],"wp:term":[{"taxonomy":"category","embeddable":true,"href":"https:\/\/sabuguinho.com.br\/site\/wp-json\/wp\/v2\/categories?post=31707"},{"taxonomy":"post_tag","embeddable":true,"href":"https:\/\/sabuguinho.com.br\/site\/wp-json\/wp\/v2\/tags?post=31707"}],"curies":[{"name":"wp","href":"https:\/\/api.w.org\/{rel}","templated":true}]}}