{"id":31697,"date":"2025-08-30T15:25:36","date_gmt":"2025-08-30T18:25:36","guid":{"rendered":"https:\/\/sabuguinho.com.br\/site\/?p=31697"},"modified":"2025-08-30T15:25:36","modified_gmt":"2025-08-30T18:25:36","slug":"governo-paga-r-200-mil-a-escritorio-italiano-para-extraditar-zambelli","status":"publish","type":"post","link":"https:\/\/sabuguinho.com.br\/site\/governo-paga-r-200-mil-a-escritorio-italiano-para-extraditar-zambelli\/","title":{"rendered":"Governo paga R$ 200 mil a escrit\u00f3rio italiano para extraditar Zambelli"},"content":{"rendered":"<p>Valor do contrato firmado pela Advocacia-Geral da Uni\u00e3o com escrit\u00f3rio na It\u00e1lia se refere \u00e0 fase cautelar da a\u00e7\u00e3o contra Zambelli<\/p>\n<p>Paulo Cappelli Petr\u00f4nio Viana<\/p>\n<p>Por meio da Advocacia-Geral da Uni\u00e3o (AGU), o governo vai pagar R$ 200 mil a um escrit\u00f3rio de advocacia italiano para atuar nas primeiras fases do processo contra Carla Zambelli. Condenada no Brasil a 15 anos de pris\u00e3o e \u00e0 perda do mandato, a deputada foi presa na It\u00e1lia em julho.<br \/>\nO valor do contrato firmado pela AGU com o escrit\u00f3rio Gentiloni Silveri se refere \u00e0 fase atual do processo, chamada fase cautelar, quando \u00e9 analisada a manuten\u00e7\u00e3o da pris\u00e3o da parlamentar brasileira<br \/>\nDe acordo com informa\u00e7\u00f5es obtidas pela coluna, ainda n\u00e3o existe c\u00e1lculo sobre o custo da contrata\u00e7\u00e3o para a a\u00e7\u00e3o principal contra Zambelli. Para essa etapa, a negocia\u00e7\u00e3o com o escrit\u00f3rio segue em andamento.<br \/>\nA previs\u00e3o \u00e9 que o processo se estenda por um longo per\u00edodo, at\u00e9 a poss\u00edvel extradi\u00e7\u00e3o da deputada, o que interfere no valor final da contrata\u00e7\u00e3o<\/p>\n<p>Condena\u00e7\u00f5es<\/p>\n<p>Carla Zambelli foi condenada pelo Supremo Tribunal Federal (STF) por invas\u00e3o ao sistema do Conselho Nacional de Justi\u00e7a (CNJ) e falsidade ideol\u00f3gica, em maio. Na semana passada, ela foi sentenciada a mais 5 anos e 3 meses de pris\u00e3o por porte ilegal de arma de fogo e constrangimento ilegal, ap\u00f3s perseguir um homem sob a mira de uma pistola em 2022.<br \/>\nNa quinta-feira (28\/8), a Justi\u00e7a italiana decidiu manter a pris\u00e3o de Zambelli por considerar \u201crisco m\u00e1ximo de fuga\u201d da deputada. Os tr\u00eas ju\u00edzes que realizaram a audi\u00eancia analisaram os laudos m\u00e9dicos apresentados e conclu\u00edram que ela tem condi\u00e7\u00f5es de permanecer na cadeia.<\/p>\n","protected":false},"excerpt":{"rendered":"<p>Valor do contrato firmado pela Advocacia-Geral da Uni\u00e3o com escrit\u00f3rio na It\u00e1lia se refere \u00e0 fase cautelar da a\u00e7\u00e3o contra Zambelli Paulo Cappelli Petr\u00f4nio Viana Por meio da Advocacia-Geral da Uni\u00e3o (AGU), o governo vai pagar R$ 200 mil a um escrit\u00f3rio de advocacia italiano para atuar nas primeiras fases do processo contra Carla Zambelli. [&hellip;]<\/p>\n","protected":false},"author":2,"featured_media":31700,"comment_status":"open","ping_status":"open","sticky":false,"template":"","format":"standard","meta":{"footnotes":""},"categories":[118],"tags":[],"_links":{"self":[{"href":"https:\/\/sabuguinho.com.br\/site\/wp-json\/wp\/v2\/posts\/31697"}],"collection":[{"href":"https:\/\/sabuguinho.com.br\/site\/wp-json\/wp\/v2\/posts"}],"about":[{"href":"https:\/\/sabuguinho.com.br\/site\/wp-json\/wp\/v2\/types\/post"}],"author":[{"embeddable":true,"href":"https:\/\/sabuguinho.com.br\/site\/wp-json\/wp\/v2\/users\/2"}],"replies":[{"embeddable":true,"href":"https:\/\/sabuguinho.com.br\/site\/wp-json\/wp\/v2\/comments?post=31697"}],"version-history":[{"count":1,"href":"https:\/\/sabuguinho.com.br\/site\/wp-json\/wp\/v2\/posts\/31697\/revisions"}],"predecessor-version":[{"id":31701,"href":"https:\/\/sabuguinho.com.br\/site\/wp-json\/wp\/v2\/posts\/31697\/revisions\/31701"}],"wp:featuredmedia":[{"embeddable":true,"href":"https:\/\/sabuguinho.com.br\/site\/wp-json\/wp\/v2\/media\/31700"}],"wp:attachment":[{"href":"https:\/\/sabuguinho.com.br\/site\/wp-json\/wp\/v2\/media?parent=31697"}],"wp:term":[{"taxonomy":"category","embeddable":true,"href":"https:\/\/sabuguinho.com.br\/site\/wp-json\/wp\/v2\/categories?post=31697"},{"taxonomy":"post_tag","embeddable":true,"href":"https:\/\/sabuguinho.com.br\/site\/wp-json\/wp\/v2\/tags?post=31697"}],"curies":[{"name":"wp","href":"https:\/\/api.w.org\/{rel}","templated":true}]}}