{"id":31672,"date":"2025-08-30T12:52:17","date_gmt":"2025-08-30T15:52:17","guid":{"rendered":"https:\/\/sabuguinho.com.br\/site\/?p=31672"},"modified":"2025-08-30T12:52:17","modified_gmt":"2025-08-30T15:52:17","slug":"personalidades-lamentam-morte-de-luis-fernando-verissimo","status":"publish","type":"post","link":"https:\/\/sabuguinho.com.br\/site\/personalidades-lamentam-morte-de-luis-fernando-verissimo\/","title":{"rendered":"Personalidades lamentam morte de Luis Fernando Verissimo"},"content":{"rendered":"<p>Escritor ga\u00facho faleceu aos 88 anos em Porto Alegre<\/p>\n<p>Pedro Rafael Vilela &#8211; Rep\u00f3rter da Ag\u00eancia Brasil<\/p>\n<p>Artistas, escritores e pol\u00edticos manifestaram pesar pela morte de Luis Fernando Verissimo, aos 88 anos, um dos maiores nomes da literatura nacional.<br \/>\nVerissimo morreu na madrugada deste s\u00e1bado (30), em Porto Alegre, ap\u00f3s complica\u00e7\u00f5es causadas por um caso grave de pneumonia.<br \/>\n&#8220;Uma l\u00e1grima e muitas salvas, Mestre Luis Fernando Verissimo!&#8221;, escreveu o escritor Itamar Vieira J\u00fanior, autor de Torto Arado, em uma postagem nas redes sociais.<br \/>\nTamb\u00e9m em uma postagem nas redes sociais, o presidente Luiz In\u00e1cio Lula da Silva exaltou a relev\u00e2ncia do romancista, que trilhou uma trajet\u00f3ria como um dos maiores cronistas do pa\u00eds.<br \/>\n&#8220;Dono de m\u00faltiplos talentos, cultivou in\u00fameros leitores em todo o Brasil com suas cr\u00f4nicas, contos, quadrinhos e romances. Criou personagens inesquec\u00edveis, a exemplo do Analista de Bag\u00e9, As Cobras e Ed Mort. Sua descri\u00e7\u00e3o bem-humorada da sociedade ganhou espa\u00e7o nas livrarias e na TV, com A Com\u00e9dia da Vida Privada. E, como poucos, soube usar a ironia para denunciar a ditadura e o autoritarismo; e defender a democracia. Eu e Janja deixamos o nosso carinho e solidariedade \u00e0 vi\u00fava L\u00facia Ver\u00edssimo \u2013 e a todos os seus familiares&#8221;, afirmou o presidente.<\/p>\n<p>O dramaturgo e escritor Walcyr Carrasco tamb\u00e9m expressou admira\u00e7\u00e3o por Ver\u00edssimo.<\/p>\n<p>&#8220;Perdemos um dos grandes da nossa literatura. Luis Fernando Verissimo foi o cronista da vida simples, das emo\u00e7\u00f5es humanas mais verdadeiras, do cotidiano que s\u00f3 ele sabia transformar em obra. Um gigante que fez da simplicidade a sua genialidade. Descanse em paz!!&#8221;, destacou Carrasco.<\/p>\n<p>O governador do Rio Grande do Sul, Eduardo Leite, decretou tr\u00eas dias de luto oficial no estado.<\/p>\n<p>&#8220;Rio Grande do Sul e o Brasil perdem um dos grandes nomes da literatura nacional, cuja obra marcou gera\u00e7\u00f5es de leitores com sacadas inteligentes e um humor peculiar para falar dos nossos desafios como brasileiros. Autor de cr\u00f4nicas inesquec\u00edveis e criador de personagens que se tornaram parte do imagin\u00e1rio brasileiro, Ver\u00edssimo deixa um legado que permanecer\u00e1 vivo em suas palavras, sempre atuais e cheias de sensibilidade e humor&#8221;, afirmou o governador ga\u00facho.<br \/>\nNas redes sociais, o cartunista Angeli foi outro artista que prestou homenagem \u00e0 fam\u00edlia do escritor.<\/p>\n<p>&#8220;Todo amor para L\u00facia, Fernanda, Mariana, Pedro e fam\u00edlia. Imensur\u00e1vel \u00e9 &#8216;o pai'&#8221;, escreveu.<\/p>\n<p>A escritora e colunista Martha Medeiros tamb\u00e9m se manifestou em uma postagem.<\/p>\n<p>&#8220;O s\u00e1bado inicia com o reverso do humor. Luis Fernando Verissimo, que tantas alegrias nos deu atrav\u00e9s de personagens como Ed Mort, o Analista de Bag\u00e9, a Velhinha de Taubat\u00e9, Dora Avante e tantos outros, infelizmente nos deixa. Por mais que a gente pense que est\u00e1 preparado, a morte \u00e9 sempre um baque, uma viol\u00eancia. Obrigada, mestre, por todas as linhas, reflex\u00f5es, epifanias, risadas, por toda a sua absoluta e inquestion\u00e1vel genialidade. \u00c0 Lucia, Fernanda, Mariana, Pedro e demais familiares e amigos, meus sentimentos mais profundos&#8221;, escreveu.<br \/>\nEm homenagem ao escritor, o senador Paulo Paim (PT-RS) lembrou o gosto musical e o time do cora\u00e7\u00e3o de Verissimo.<br \/>\n&#8220;Sempre fui seu admirador. Tinha um belo texto, cronista, escrevia com paix\u00e3o, possu\u00eda um humor refinado e um senso pol\u00edtico inigual\u00e1vel. Gostava de jazz, tocava saxofone e era apaixonado pelo seu time de cora\u00e7\u00e3o, o Inter de Porto Alegre. Minha solidariedade e sentimentos aos familiares e amigos&#8221;, disse.<\/p>\n","protected":false},"excerpt":{"rendered":"<p>Escritor ga\u00facho faleceu aos 88 anos em Porto Alegre Pedro Rafael Vilela &#8211; Rep\u00f3rter da Ag\u00eancia Brasil Artistas, escritores e pol\u00edticos manifestaram pesar pela morte de Luis Fernando Verissimo, aos 88 anos, um dos maiores nomes da literatura nacional. Verissimo morreu na madrugada deste s\u00e1bado (30), em Porto Alegre, ap\u00f3s complica\u00e7\u00f5es causadas por um caso [&hellip;]<\/p>\n","protected":false},"author":2,"featured_media":31673,"comment_status":"open","ping_status":"open","sticky":false,"template":"","format":"standard","meta":{"footnotes":""},"categories":[61],"tags":[],"_links":{"self":[{"href":"https:\/\/sabuguinho.com.br\/site\/wp-json\/wp\/v2\/posts\/31672"}],"collection":[{"href":"https:\/\/sabuguinho.com.br\/site\/wp-json\/wp\/v2\/posts"}],"about":[{"href":"https:\/\/sabuguinho.com.br\/site\/wp-json\/wp\/v2\/types\/post"}],"author":[{"embeddable":true,"href":"https:\/\/sabuguinho.com.br\/site\/wp-json\/wp\/v2\/users\/2"}],"replies":[{"embeddable":true,"href":"https:\/\/sabuguinho.com.br\/site\/wp-json\/wp\/v2\/comments?post=31672"}],"version-history":[{"count":1,"href":"https:\/\/sabuguinho.com.br\/site\/wp-json\/wp\/v2\/posts\/31672\/revisions"}],"predecessor-version":[{"id":31674,"href":"https:\/\/sabuguinho.com.br\/site\/wp-json\/wp\/v2\/posts\/31672\/revisions\/31674"}],"wp:featuredmedia":[{"embeddable":true,"href":"https:\/\/sabuguinho.com.br\/site\/wp-json\/wp\/v2\/media\/31673"}],"wp:attachment":[{"href":"https:\/\/sabuguinho.com.br\/site\/wp-json\/wp\/v2\/media?parent=31672"}],"wp:term":[{"taxonomy":"category","embeddable":true,"href":"https:\/\/sabuguinho.com.br\/site\/wp-json\/wp\/v2\/categories?post=31672"},{"taxonomy":"post_tag","embeddable":true,"href":"https:\/\/sabuguinho.com.br\/site\/wp-json\/wp\/v2\/tags?post=31672"}],"curies":[{"name":"wp","href":"https:\/\/api.w.org\/{rel}","templated":true}]}}