{"id":31584,"date":"2025-08-29T11:57:49","date_gmt":"2025-08-29T14:57:49","guid":{"rendered":"https:\/\/sabuguinho.com.br\/site\/?p=31584"},"modified":"2025-08-29T11:57:49","modified_gmt":"2025-08-29T14:57:49","slug":"atletico-demite-cuca-apos-sequencia-ruim-e-derrota-para-o-cruzeiro-com-desempenho-ruim-do-atletico","status":"publish","type":"post","link":"https:\/\/sabuguinho.com.br\/site\/atletico-demite-cuca-apos-sequencia-ruim-e-derrota-para-o-cruzeiro-com-desempenho-ruim-do-atletico\/","title":{"rendered":"Atl\u00e9tico demite Cuca ap\u00f3s sequ\u00eancia ruim e derrota para o Cruzeiro Com desempenho ruim do Atl\u00e9tico"},"content":{"rendered":"<p>Com desempenho ruim do Atl\u00e9tico nas \u00faltimas partidas, t\u00e9cnico Cuca viu press\u00e3o crescer e derrota no cl\u00e1ssico foi &#8216;gota d&#8217;\u00e1gua&#8217; para demiss\u00e3o<\/p>\n<p>O t\u00e9cnico Cuca foi comunicado que n\u00e3o seguir\u00e1 no comando do Atl\u00e9tico nesta sexta-feira (29\/8), em reuni\u00e3o com o CSO do clube, Paulo Bracks, e o diretor de futebol, Victor Bagy, na Cidade do Galo, em Vespasiano, na Regi\u00e3o Metropolitana de Belo Horizonte. O comandante de 62 anos n\u00e3o resistiu \u00e0 press\u00e3o ap\u00f3s uma sequ\u00eancia de resultados ruins, com a \u201cgota d\u2019\u00e1gua\u201d na derrota para o Cruzeiro, por 2 a 0, pelo jogo de ida das quartas de final da Copa do Brasil, nessa quarta-feira (27), na Arena MRV. Cuca foi comunicado da decis\u00e3o logo ap\u00f3s ter alta no Hospital Mater Dei, no Bairro Barro Preto, Regi\u00e3o Centro-Sul de Belo Horizonte. Na quinta-feira (28), passou por cirurgia no ombro.<br \/>\nAl\u00e9m do treinador, seu irm\u00e3o e auxiliar Cuquinha deixar\u00e1 o Galo, que desejou sucesso \u00e0 dupla na sequ\u00eancia das carreiras.<\/p>\n<p>Cuca reage \u00e0 demiss\u00e3o<\/p>\n<p>\u201cEntendo a demiss\u00e3o. Acho que ela se justifica pelos \u00faltimos resultados no Campeonato Brasileiro. Infelizmente, perdemos jogadores important\u00edssimos que nos fizeram muita falta. Agrade\u00e7o a todos os jogadores pela luta, entrega e parceria que tiveram comigo, sem restri\u00e7\u00f5es! Agrade\u00e7o \u00e0 comiss\u00e3o t\u00e9cnica e a todo o Staf. Obrigado ao Carlos Alberto, Pedro, Victor e Bracks\u201d, disse o t\u00e9cnico, na sa\u00edda. \u201c\u00c0 diretoria, meu muito obrigado pela confian\u00e7a. Aos torcedores, categoria em que me incluo, fica uma sensa\u00e7\u00e3o ruim. Queria ser campe\u00e3o novamente com eles. Tinha muita expectativa na Copa Sul-Americana. Minha alegria era faz\u00ea-los felizes. Nada apaga tudo o que fizemos juntos. O Galo sempre estar\u00e1 no meu cora\u00e7\u00e3o e da minha fam\u00edlia. Muito obrigado a todos!\u201d, completou.<\/p>\n<p>Quarta passagem de Cuca no Atl\u00e9tico<\/p>\n<p>O treinador deixa Belo Horizonte ap\u00f3s sua quarta passagem pelo clube, que durou pouco menos de nove meses. Campe\u00e3o da Copa Libertadores em 2013, do Campeonato Brasileiro e da Copa do Brasil de 2021, ele n\u00e3o conseguiu repetir o brilho neste ano \u2013 apesar da conquista do Campeonato Mineiro, o time n\u00e3o conseguiu engrenar e tem oscilado muito na temporada. O Galo passa pelo seu pior momento no ano ap\u00f3s a pausa para das competi\u00e7\u00f5es para o Mundial de Clubes, em junho. Desde o retorno, no in\u00edcio de julho, o time tem apenas cinco vit\u00f3rias em 14 jogos \u2013 foram oito derrotas e um empate.<br \/>\nNo total, Cuca comandou o Atl\u00e9tico em 45 partidas em 2025, com 22 vit\u00f3rias, 11 empates e 12 derrotas, com aproveitamento de 57%.<\/p>\n<p>Sequ\u00eancia do Atl\u00e9tico<\/p>\n<p>A pausa para a Data Fifa ap\u00f3s a pr\u00f3xima partida, no domingo (31\/8), contra o Vit\u00f3ria, pela 22\u00aa rodada do Campeonato Brasileiro, pesou na decis\u00e3o. Ser\u00e3o 11 dias sem jogos antes do retorno, que ser\u00e1 no dia 11 de setembro, na partida de volta das quartas de final da Copa do Brasil, contra o Cruzeiro, em um Mineir\u00e3o lotado com apenas torcedores do arquirrival. O Galo ter\u00e1 a dif\u00edcil miss\u00e3o de vencer por no m\u00ednimo dois gols de diferen\u00e7a \u2013 para que a decis\u00e3o seja nos p\u00eanaltis \u2013 ou por pelo menos tr\u00eas tentos de diferen\u00e7a para virar o placar agregado e se classificar diretamente.<\/p>\n","protected":false},"excerpt":{"rendered":"<p>Com desempenho ruim do Atl\u00e9tico nas \u00faltimas partidas, t\u00e9cnico Cuca viu press\u00e3o crescer e derrota no cl\u00e1ssico foi &#8216;gota d&#8217;\u00e1gua&#8217; para demiss\u00e3o O t\u00e9cnico Cuca foi comunicado que n\u00e3o seguir\u00e1 no comando do Atl\u00e9tico nesta sexta-feira (29\/8), em reuni\u00e3o com o CSO do clube, Paulo Bracks, e o diretor de futebol, Victor Bagy, na Cidade [&hellip;]<\/p>\n","protected":false},"author":2,"featured_media":31587,"comment_status":"open","ping_status":"open","sticky":false,"template":"","format":"standard","meta":{"footnotes":""},"categories":[45],"tags":[],"_links":{"self":[{"href":"https:\/\/sabuguinho.com.br\/site\/wp-json\/wp\/v2\/posts\/31584"}],"collection":[{"href":"https:\/\/sabuguinho.com.br\/site\/wp-json\/wp\/v2\/posts"}],"about":[{"href":"https:\/\/sabuguinho.com.br\/site\/wp-json\/wp\/v2\/types\/post"}],"author":[{"embeddable":true,"href":"https:\/\/sabuguinho.com.br\/site\/wp-json\/wp\/v2\/users\/2"}],"replies":[{"embeddable":true,"href":"https:\/\/sabuguinho.com.br\/site\/wp-json\/wp\/v2\/comments?post=31584"}],"version-history":[{"count":1,"href":"https:\/\/sabuguinho.com.br\/site\/wp-json\/wp\/v2\/posts\/31584\/revisions"}],"predecessor-version":[{"id":31588,"href":"https:\/\/sabuguinho.com.br\/site\/wp-json\/wp\/v2\/posts\/31584\/revisions\/31588"}],"wp:featuredmedia":[{"embeddable":true,"href":"https:\/\/sabuguinho.com.br\/site\/wp-json\/wp\/v2\/media\/31587"}],"wp:attachment":[{"href":"https:\/\/sabuguinho.com.br\/site\/wp-json\/wp\/v2\/media?parent=31584"}],"wp:term":[{"taxonomy":"category","embeddable":true,"href":"https:\/\/sabuguinho.com.br\/site\/wp-json\/wp\/v2\/categories?post=31584"},{"taxonomy":"post_tag","embeddable":true,"href":"https:\/\/sabuguinho.com.br\/site\/wp-json\/wp\/v2\/tags?post=31584"}],"curies":[{"name":"wp","href":"https:\/\/api.w.org\/{rel}","templated":true}]}}