{"id":31568,"date":"2025-08-29T10:14:55","date_gmt":"2025-08-29T13:14:55","guid":{"rendered":"https:\/\/sabuguinho.com.br\/site\/?p=31568"},"modified":"2025-08-29T10:14:55","modified_gmt":"2025-08-29T13:14:55","slug":"morte-de-jovem-de-17-anos-gera-comocao-e-denuncias-de-suposta-negligencia-medica-no-pronto-socorro-de-avare","status":"publish","type":"post","link":"https:\/\/sabuguinho.com.br\/site\/morte-de-jovem-de-17-anos-gera-comocao-e-denuncias-de-suposta-negligencia-medica-no-pronto-socorro-de-avare\/","title":{"rendered":"MORTE DE JOVEM DE 17 ANOS GERA COMO\u00c7\u00c3O E DEN\u00daNCIAS DE SUPOSTA NEGLIG\u00caNCIA M\u00c9DICA NO PRONTO SOCORRO DE AVAR\u00c9"},"content":{"rendered":"<p>Uma sequ\u00eancia de relatos de familiares e pacientes aponta para um padr\u00e3o de atendimento question\u00e1vel no principal servi\u00e7o de emerg\u00eancia da cidade. Secretaria de Sa\u00fade n\u00e3o se manifestou.<br \/>\nA morte da jovem Maria Clara Paz, de 17 anos, na noite de quarta-feira (27), n\u00e3o \u00e9 um epis\u00f3dio isolado. Ela se tornou o s\u00edmbolo de uma crise que h\u00e1 meses gera reclama\u00e7\u00f5es, desabafos e luto em fam\u00edlias de Avar\u00e9, que apontam para uma suposta neglig\u00eancia m\u00e9dica no Pronto-Socorro Municipal. O caso, envolto em dor e indigna\u00e7\u00e3o, levou a fam\u00edlia a registrar um boletim de ocorr\u00eancia nesta quinta-feira (28).<\/p>\n<p>A Agonia de Maria Clara: Uma Jornada de Idas e Vindas<\/p>\n<p>De acordo com informa\u00e7\u00f5es apuradas pelo A Voz do Vale e relatos da fam\u00edlia, o calv\u00e1rio de Maria Clara se estendeu por semanas. Ela lutava contra sintomas de press\u00e3o alta, fortes dores de cabe\u00e7a e \u00e2nsias de v\u00f4mito. Repetidamente, sua fam\u00edlia buscou aux\u00edlio no PS Municipal, mas a resposta era sempre a mesma: a jovem era medicada com sintom\u00e1ticos e liberada, sem uma investiga\u00e7\u00e3o mais aprofundada de sua condi\u00e7\u00e3o.<br \/>\nEntre os dias 24 e 26 de agosto, a hist\u00f3ria se repetiu. Na quarta-feira (27), por\u00e9m, o quadro era ainda mais alarmante. Maria Clara havia passado a noite em claro, vomitando e com intensa cefaleia. Desta vez, um m\u00e9dico solicitou uma tomografia. O exame, segundo relato da m\u00e3e em um \u00e1udio enviado a uma amiga, n\u00e3o teria acusado altera\u00e7\u00f5es. Apesar disso, os v\u00f4mitos persistiam.<br \/>\nA m\u00e3e relatou que o m\u00e9dico confirmou que a jovem teve convuls\u00f5es e, mesmo assim, foi liberada. A prescri\u00e7\u00e3o m\u00e9dica incluiu um medicamento para convuls\u00e3o, emagrecimento e enxaqueca, que custou R$ 90,00 \u00e0 fam\u00edlia. Maria Clara foi para casa, mas seu estado n\u00e3o melhorou.<br \/>\nNa noite de quarta-feira, o quadro se deteriorou rapidamente. Ela foi levada de volta ao Pronto-Socorro pelo SAMU, mas n\u00e3o resistiu. Sua morte foi registrada por volta das 19h30. O corpo foi encaminhado para a UNESP de Botucatu para realiza\u00e7\u00e3o de necropsia, que determinar\u00e1 a causa oficial da morte, e depois para o Instituto M\u00e9dico Legal (IML) de Avar\u00e9.<br \/>\nO corpo da jovem est\u00e1 sendo velado no Vel\u00f3rio Municipal, e o sepultamento est\u00e1 marcado para esta sexta-feira (29), \u00e0s 8 horas, no Cemit\u00e9rio Municipal.<\/p>\n<p>Indigna\u00e7\u00e3o nas Redes Sociais<\/p>\n<p>A not\u00edcia da morte de Maria Clara gerou uma imensa como\u00e7\u00e3o e um coro de indigna\u00e7\u00e3o nas redes sociais, onde outros casos semelhantes vieram \u00e0 tona.<br \/>\nA internauta Priscila Bexiga resumiu o sentimento coletivo em uma publica\u00e7\u00e3o contundente: \u201cMais uma neglig\u00eancia m\u00e9dica tirando mais uma vida? At\u00e9 quando isso? Cad\u00ea os vereadores pra irem naquele matadouro?\u201d, questionou.<br \/>\nO relato de Arlete Castro, colega de trabalho da m\u00e3e de Maria Clara, trouxe a dimens\u00e3o humana da trag\u00e9dia. \u201cA m\u00e3e da adolescente trabalha comigo, faz quase dez dias indo e voltando do OS. Estamos chocados no nosso servi\u00e7o quando ela ligou em prantos e me disse \u2018minha filha morreu&#8217;\u201d, desabafou.<br \/>\nOs coment\u00e1rios se transformaram em um espa\u00e7o de luto coletivo e de cobran\u00e7a por responsabilidade, com muitos moradores questionando a atua\u00e7\u00e3o da empresa terceirizada Hera Servi\u00e7os M\u00e9dicos Ltda. e a fiscaliza\u00e7\u00e3o do poder p\u00fablico municipal.<\/p>\n<p>Outros Casos: Um Padr\u00e3o que se Repete<\/p>\n<p>O caso de Maria Clara ecoa relatos recentes de outros mun\u00edcipes que se sentiram negligenciados pelo mesmo servi\u00e7o.<br \/>\nO Caso da Filha de Priscila Bexiga (15 de agosto): A pr\u00f3pria Priscila, que manifestou revolta pela morte de Maria, havia vivido um drama similar com sua filha, que sofria de fortes dores abdominais. Ela relatou que, ap\u00f3s suspeita de apendicite, nenhum exame complementar foi pedido. Dias depois, outro m\u00e9dico diagnosticou uma \u201cinflama\u00e7\u00e3o grave na bexiga\u201d, confirmando, na vis\u00e3o da m\u00e3e, a demora no diagn\u00f3stico e o tratamento inadequado.<br \/>\nO Caso da M\u00e3e de Gabriel Foga\u00e7a (6 de agosto): Num desabafo emocionado, Gabriel narrou a perda de sua m\u00e3e. Ele contou que ela foi diversas vezes ao PS com dores abdominais e v\u00f4mitos, sendo liberada repetidamente com diagn\u00f3sticos superficiais. Quando finalmente transferida para a Santa Casa, descobriu-se que seu intestino estava perfurado h\u00e1 quatro dias. Submetida a uma cirurgia de urg\u00eancia, ela n\u00e3o resistiu a uma infec\u00e7\u00e3o bacteriana generalizada e faleceu no dia 1\u00ba de agosto. Gabriel questionou a falta de exames mais detalhados nas primeiras consultas.<br \/>\nA Cobran\u00e7a por Apura\u00e7\u00e3o<br \/>\nA insatisfa\u00e7\u00e3o popular j\u00e1 havia chegado \u00e0 C\u00e2mara Municipal. No dia 8 de abril, o vereador Hidalgo de Freitas (PSD) cobrou explica\u00e7\u00f5es formais da Hera Servi\u00e7os M\u00e9dicos Ltda. sobre as reclama\u00e7\u00f5es referentes \u00e0 qualidade do atendimento. O parlamentar citou especificamente a morte de um adolescente de 15 anos em fevereiro, exigindo apura\u00e7\u00e3o rigorosa.<br \/>\n\u201cN\u00f3s n\u00e3o podemos ser covardes diante de publica\u00e7\u00f5es como essas. \u00c9 inaceit\u00e1vel que um relato dessa natureza fique sem apura\u00e7\u00e3o pela empresa. Pe\u00e7o que ela seja notificada para que toda den\u00fancia seja investigada\u201d, afirmou Hidalgo na tribuna.<\/p>\n<p>OUTRO LADO \u2013 A reportagem entrou em contato com a Secretaria Municipal de Sa\u00fade, por meio do setor de Comunica\u00e7\u00e3o da Prefeitura de Avar\u00e9, para solicitar um posicionamento oficial sobre o caso de Maria Clara e as demais den\u00fancias. At\u00e9 o momento da publica\u00e7\u00e3o desta mat\u00e9ria, o Executivo municipal n\u00e3o se manifestou.<br \/>\nA comunidade de Avar\u00e9 aguarda respostas concretas e a\u00e7\u00f5es efetivas para que trag\u00e9dias como a de Maria Clara da Paz n\u00e3o se repitam.<\/p>\n<p><img loading=\"lazy\" decoding=\"async\" src=\"https:\/\/sabuguinho.com.br\/site\/wp-content\/uploads\/2025\/08\/539437309_1392955212831526_6360555199604324779_n-1140x1683-1-102x150.jpg\" alt=\"\" width=\"102\" height=\"150\" class=\"alignnone size-medium wp-image-31571\" srcset=\"https:\/\/sabuguinho.com.br\/site\/wp-content\/uploads\/2025\/08\/539437309_1392955212831526_6360555199604324779_n-1140x1683-1-102x150.jpg 102w, https:\/\/sabuguinho.com.br\/site\/wp-content\/uploads\/2025\/08\/539437309_1392955212831526_6360555199604324779_n-1140x1683-1-347x512.jpg 347w, https:\/\/sabuguinho.com.br\/site\/wp-content\/uploads\/2025\/08\/539437309_1392955212831526_6360555199604324779_n-1140x1683-1-768x1134.jpg 768w, https:\/\/sabuguinho.com.br\/site\/wp-content\/uploads\/2025\/08\/539437309_1392955212831526_6360555199604324779_n-1140x1683-1-1040x1536.jpg 1040w, https:\/\/sabuguinho.com.br\/site\/wp-content\/uploads\/2025\/08\/539437309_1392955212831526_6360555199604324779_n-1140x1683-1-750x1107.jpg 750w, https:\/\/sabuguinho.com.br\/site\/wp-content\/uploads\/2025\/08\/539437309_1392955212831526_6360555199604324779_n-1140x1683-1.jpg 1140w\" sizes=\"(max-width: 102px) 100vw, 102px\" \/><\/p>\n","protected":false},"excerpt":{"rendered":"<p>Uma sequ\u00eancia de relatos de familiares e pacientes aponta para um padr\u00e3o de atendimento question\u00e1vel no principal servi\u00e7o de emerg\u00eancia da cidade. Secretaria de Sa\u00fade n\u00e3o se manifestou. A morte da jovem Maria Clara Paz, de 17 anos, na noite de quarta-feira (27), n\u00e3o \u00e9 um epis\u00f3dio isolado. Ela se tornou o s\u00edmbolo de uma [&hellip;]<\/p>\n","protected":false},"author":2,"featured_media":31572,"comment_status":"open","ping_status":"open","sticky":false,"template":"","format":"standard","meta":{"footnotes":""},"categories":[117,1],"tags":[],"_links":{"self":[{"href":"https:\/\/sabuguinho.com.br\/site\/wp-json\/wp\/v2\/posts\/31568"}],"collection":[{"href":"https:\/\/sabuguinho.com.br\/site\/wp-json\/wp\/v2\/posts"}],"about":[{"href":"https:\/\/sabuguinho.com.br\/site\/wp-json\/wp\/v2\/types\/post"}],"author":[{"embeddable":true,"href":"https:\/\/sabuguinho.com.br\/site\/wp-json\/wp\/v2\/users\/2"}],"replies":[{"embeddable":true,"href":"https:\/\/sabuguinho.com.br\/site\/wp-json\/wp\/v2\/comments?post=31568"}],"version-history":[{"count":1,"href":"https:\/\/sabuguinho.com.br\/site\/wp-json\/wp\/v2\/posts\/31568\/revisions"}],"predecessor-version":[{"id":31573,"href":"https:\/\/sabuguinho.com.br\/site\/wp-json\/wp\/v2\/posts\/31568\/revisions\/31573"}],"wp:featuredmedia":[{"embeddable":true,"href":"https:\/\/sabuguinho.com.br\/site\/wp-json\/wp\/v2\/media\/31572"}],"wp:attachment":[{"href":"https:\/\/sabuguinho.com.br\/site\/wp-json\/wp\/v2\/media?parent=31568"}],"wp:term":[{"taxonomy":"category","embeddable":true,"href":"https:\/\/sabuguinho.com.br\/site\/wp-json\/wp\/v2\/categories?post=31568"},{"taxonomy":"post_tag","embeddable":true,"href":"https:\/\/sabuguinho.com.br\/site\/wp-json\/wp\/v2\/tags?post=31568"}],"curies":[{"name":"wp","href":"https:\/\/api.w.org\/{rel}","templated":true}]}}