{"id":31332,"date":"2025-08-26T10:44:20","date_gmt":"2025-08-26T13:44:20","guid":{"rendered":"https:\/\/sabuguinho.com.br\/site\/?p=31332"},"modified":"2025-08-26T10:44:20","modified_gmt":"2025-08-26T13:44:20","slug":"camara-entrega-medalha-amigo-da-primeira-infancia-na-proxima-quarta-27","status":"publish","type":"post","link":"https:\/\/sabuguinho.com.br\/site\/camara-entrega-medalha-amigo-da-primeira-infancia-na-proxima-quarta-27\/","title":{"rendered":"C\u00e2mara entrega Medalha Amigo da Primeira Inf\u00e2ncia na pr\u00f3xima quarta (27)"},"content":{"rendered":"<p>A C\u00e2mara dos Deputados conceder\u00e1 nesta quarta-feira (27\/8) a Medalha Amigo da Primeira Inf\u00e2ncia 2025 a cinco pessoas ou institui\u00e7\u00f5es que se destacaram na defesa, promo\u00e7\u00e3o e garantia dos direitos das crian\u00e7as de zero a seis anos. A cerim\u00f4nia de premia\u00e7\u00e3o ocorrer\u00e1 \u00e0s 16h, no Sal\u00e3o Nobre da C\u00e2mara.<br \/>\nOs condecorados deste ano s\u00e3o:<\/p>\n<p>&#8211; Associa\u00e7\u00e3o Beneficente Abadeus (SC);<br \/>\n&#8211; Dra. Mecneide Mendes Lins (PE);<br \/>\n&#8211; Helena Neiva, Funda\u00e7\u00e3o Pit\u00e1goras (MG);<br \/>\n&#8211; Hospital Naval Marc\u00edlio Dias (RJ);<br \/>\n&#8211; Funda\u00e7\u00e3o Maria Cec\u00edlia Souto Vidigal (SP).<\/p>\n<p>Promovida pela Segunda-Secretaria, a premia\u00e7\u00e3o anual reconhece a\u00e7\u00f5es relevantes para o desenvolvimento na primeira inf\u00e2ncia \u2014 fase essencial para o crescimento cognitivo, emocional e social das crian\u00e7as \u2014 e refor\u00e7a o compromisso do Parlamento com pol\u00edticas p\u00fablicas voltadas a essa etapa da vida dos cidad\u00e3os.<br \/>\nOs homenageados foram indicados por deputados e escolhidos por um conselho deliberativo formado pelo segundo-secret\u00e1rio da C\u00e2mara; pelo presidente da Comiss\u00e3o de Previd\u00eancia, Assist\u00eancia Social, Inf\u00e2ncia, Adolesc\u00eancia e Fam\u00edlia; e por um representante de cada partido.<\/p>\n<p>Servi\u00e7o<\/p>\n<p>Cerim\u00f4nia de premia\u00e7\u00e3o da Medalha Amigo da Primeira Inf\u00e2ncia 2025<br \/>\nDia: 27\/08\/2025<br \/>\nHor\u00e1rio: 16h<br \/>\nLocal: Sal\u00e3o Nobre da C\u00e2mara dos Deputados<\/p>\n","protected":false},"excerpt":{"rendered":"<p>A C\u00e2mara dos Deputados conceder\u00e1 nesta quarta-feira (27\/8) a Medalha Amigo da Primeira Inf\u00e2ncia 2025 a cinco pessoas ou institui\u00e7\u00f5es que se destacaram na defesa, promo\u00e7\u00e3o e garantia dos direitos das crian\u00e7as de zero a seis anos. A cerim\u00f4nia de premia\u00e7\u00e3o ocorrer\u00e1 \u00e0s 16h, no Sal\u00e3o Nobre da C\u00e2mara. Os condecorados deste ano s\u00e3o: &#8211; [&hellip;]<\/p>\n","protected":false},"author":2,"featured_media":31333,"comment_status":"open","ping_status":"open","sticky":false,"template":"","format":"standard","meta":{"footnotes":""},"categories":[61],"tags":[],"_links":{"self":[{"href":"https:\/\/sabuguinho.com.br\/site\/wp-json\/wp\/v2\/posts\/31332"}],"collection":[{"href":"https:\/\/sabuguinho.com.br\/site\/wp-json\/wp\/v2\/posts"}],"about":[{"href":"https:\/\/sabuguinho.com.br\/site\/wp-json\/wp\/v2\/types\/post"}],"author":[{"embeddable":true,"href":"https:\/\/sabuguinho.com.br\/site\/wp-json\/wp\/v2\/users\/2"}],"replies":[{"embeddable":true,"href":"https:\/\/sabuguinho.com.br\/site\/wp-json\/wp\/v2\/comments?post=31332"}],"version-history":[{"count":1,"href":"https:\/\/sabuguinho.com.br\/site\/wp-json\/wp\/v2\/posts\/31332\/revisions"}],"predecessor-version":[{"id":31334,"href":"https:\/\/sabuguinho.com.br\/site\/wp-json\/wp\/v2\/posts\/31332\/revisions\/31334"}],"wp:featuredmedia":[{"embeddable":true,"href":"https:\/\/sabuguinho.com.br\/site\/wp-json\/wp\/v2\/media\/31333"}],"wp:attachment":[{"href":"https:\/\/sabuguinho.com.br\/site\/wp-json\/wp\/v2\/media?parent=31332"}],"wp:term":[{"taxonomy":"category","embeddable":true,"href":"https:\/\/sabuguinho.com.br\/site\/wp-json\/wp\/v2\/categories?post=31332"},{"taxonomy":"post_tag","embeddable":true,"href":"https:\/\/sabuguinho.com.br\/site\/wp-json\/wp\/v2\/tags?post=31332"}],"curies":[{"name":"wp","href":"https:\/\/api.w.org\/{rel}","templated":true}]}}