{"id":31325,"date":"2025-08-26T10:00:27","date_gmt":"2025-08-26T13:00:27","guid":{"rendered":"https:\/\/sabuguinho.com.br\/site\/?p=31325"},"modified":"2025-08-26T10:00:27","modified_gmt":"2025-08-26T13:00:27","slug":"governador-de-sp-sanciona-lei-que-proibe-manter-caes-e-gatos-em-correntes","status":"publish","type":"post","link":"https:\/\/sabuguinho.com.br\/site\/governador-de-sp-sanciona-lei-que-proibe-manter-caes-e-gatos-em-correntes\/","title":{"rendered":"GOVERNADOR DE SP SANCIONA LEI QUE PRO\u00cdBE MANTER C\u00c3ES E GATOS EM CORRENTES"},"content":{"rendered":"<p>O governador de S\u00e3o Paulo, Tarc\u00edsio de Freitas (Republicanos), sancionou a Lei 18.184\/2025, que pro\u00edbe o acorrentamento de c\u00e3es e gatos no estado. A nova legisla\u00e7\u00e3o, de autoria do deputado estadual Rafael Saraiva (Uni\u00e3o), \u00e9 vista como um marco para a causa animal e atende a uma demanda de milhares de cidad\u00e3os que assinaram um abaixo-assinado sobre o tema.<br \/>\nA lei veta a utiliza\u00e7\u00e3o de \u201ccorrentes, cordas ou similares\u201d que restrinjam a liberdade de movimento dos animais no espa\u00e7o onde est\u00e3o. O objetivo \u00e9 acabar com a pr\u00e1tica de manter pets permanentemente acorrentados, situa\u00e7\u00e3o que pode causar estresse, ansiedade e at\u00e9 les\u00f5es f\u00edsicas.<br \/>\nA legisla\u00e7\u00e3o n\u00e3o pro\u00edbe totalmente o uso de correntes, mas restringe seu uso a situa\u00e7\u00f5es tempor\u00e1rias. Para esses casos, a norma recomenda o uso de correntes do tipo \u201cvaiv\u00e9m\u201d (ou running chain), que permitem um deslocamento mais amplo do animal.<br \/>\nAl\u00e9m disso, o texto estabelece uma s\u00e9rie de condi\u00e7\u00f5es obrigat\u00f3rias para o bem-estar do animal:<br \/>\nA coleira deve ser do tamanho adequado ao porte do pet e n\u00e3o pode causar enforcamento.<br \/>\nO animal deve ter acesso constante a \u00e1gua e comida.<br \/>\nDeve ter abrigo contra frio, sol e chuva.<br \/>\nO local deve ser mantido devidamente higienizado.<br \/>\nA lei tamb\u00e9m pune a manuten\u00e7\u00e3o de c\u00e3es e gatos em alojamentos considerados inadequados, definidos como \u201cqualquer espa\u00e7o que ofere\u00e7a risco \u00e0 vida ou \u00e0 sa\u00fade do animal\u201d, que seja pequeno demais para seu porte ou que prejudique seu bem-estar.<br \/>\nEm suas redes sociais, o deputado autor da lei, Rafael Saraiva, celebrou a san\u00e7\u00e3o. \u201cA Lei 18.184\/2025 \u00e9 uma conquista de todos n\u00f3s que acreditamos que os animais merecem respeito e dignidade\u201d, escreveu em seu Instagram. \u201cMilhares de pessoas assinaram o abaixo-assinado contra as correntes em S\u00e3o Paulo e hoje, gra\u00e7as a essa mobiliza\u00e7\u00e3o popular, conquistamos um marco hist\u00f3rico para a causa animal\u201d.<br \/>\nA lei sancionada n\u00e3o cria uma puni\u00e7\u00e3o espec\u00edfica em seu texto. No entanto, ela determina que o descumprimento das normas estar\u00e1 sujeito \u00e0s penas da Lei Federal de Crimes Ambientais (9.605\/1998).<br \/>\nA legisla\u00e7\u00e3o federal prev\u00ea puni\u00e7\u00f5es para maus-tratos a animais, que podem variar conforme a gravidade do caso. As penas incluem:<\/p>\n<p>Deten\u00e7\u00e3o<\/p>\n<p>Presta\u00e7\u00e3o de servi\u00e7os comunit\u00e1rios<br \/>\nMulta<br \/>\nPerda da guarda do animal<br \/>\nA nova lei entra em vigor a partir da data de sua publica\u00e7\u00e3o no di\u00e1rio oficial.<\/p>\n","protected":false},"excerpt":{"rendered":"<p>O governador de S\u00e3o Paulo, Tarc\u00edsio de Freitas (Republicanos), sancionou a Lei 18.184\/2025, que pro\u00edbe o acorrentamento de c\u00e3es e gatos no estado. A nova legisla\u00e7\u00e3o, de autoria do deputado estadual Rafael Saraiva (Uni\u00e3o), \u00e9 vista como um marco para a causa animal e atende a uma demanda de milhares de cidad\u00e3os que assinaram um [&hellip;]<\/p>\n","protected":false},"author":2,"featured_media":31326,"comment_status":"open","ping_status":"open","sticky":false,"template":"","format":"standard","meta":{"footnotes":""},"categories":[57],"tags":[],"_links":{"self":[{"href":"https:\/\/sabuguinho.com.br\/site\/wp-json\/wp\/v2\/posts\/31325"}],"collection":[{"href":"https:\/\/sabuguinho.com.br\/site\/wp-json\/wp\/v2\/posts"}],"about":[{"href":"https:\/\/sabuguinho.com.br\/site\/wp-json\/wp\/v2\/types\/post"}],"author":[{"embeddable":true,"href":"https:\/\/sabuguinho.com.br\/site\/wp-json\/wp\/v2\/users\/2"}],"replies":[{"embeddable":true,"href":"https:\/\/sabuguinho.com.br\/site\/wp-json\/wp\/v2\/comments?post=31325"}],"version-history":[{"count":1,"href":"https:\/\/sabuguinho.com.br\/site\/wp-json\/wp\/v2\/posts\/31325\/revisions"}],"predecessor-version":[{"id":31327,"href":"https:\/\/sabuguinho.com.br\/site\/wp-json\/wp\/v2\/posts\/31325\/revisions\/31327"}],"wp:featuredmedia":[{"embeddable":true,"href":"https:\/\/sabuguinho.com.br\/site\/wp-json\/wp\/v2\/media\/31326"}],"wp:attachment":[{"href":"https:\/\/sabuguinho.com.br\/site\/wp-json\/wp\/v2\/media?parent=31325"}],"wp:term":[{"taxonomy":"category","embeddable":true,"href":"https:\/\/sabuguinho.com.br\/site\/wp-json\/wp\/v2\/categories?post=31325"},{"taxonomy":"post_tag","embeddable":true,"href":"https:\/\/sabuguinho.com.br\/site\/wp-json\/wp\/v2\/tags?post=31325"}],"curies":[{"name":"wp","href":"https:\/\/api.w.org\/{rel}","templated":true}]}}