{"id":31133,"date":"2025-08-24T07:39:51","date_gmt":"2025-08-24T10:39:51","guid":{"rendered":"https:\/\/sabuguinho.com.br\/site\/?p=31133"},"modified":"2025-08-24T07:39:51","modified_gmt":"2025-08-24T10:39:51","slug":"ana-castela-ganha-caminhonete-em-barretos-e-se-emociona-nao-acredito","status":"publish","type":"post","link":"https:\/\/sabuguinho.com.br\/site\/ana-castela-ganha-caminhonete-em-barretos-e-se-emociona-nao-acredito\/","title":{"rendered":"Ana Castela ganha caminhonete em Barretos e se emociona: &#8216;N\u00e3o acredito&#8217;"},"content":{"rendered":"<p>Embaixadora da Festa do Pe\u00e3o, foi surpreendida durante o evento e brincou: \u201cN\u00e3o sei nem abrir\u201d<\/p>\n<p>Por gshow \u2014 Rio de Janeiro<\/p>\n<p>A Boiadeira chegou com tudo em Barretos! Embaixadora oficial da Festa do Pe\u00e3o, Ana Castela foi surpreendida neste s\u00e1bado (23) com um presente para l\u00e1 de especial: uma caminhonete novinha em folha<br \/>\nDurante o an\u00fancio no palco, um dos organizadores exaltou a import\u00e2ncia da cantora no evento:<br \/>\n\u201cA melhor e a maior embaixadora, aproveite esse dia, aproveite esse momento, marque hist\u00f3ria, influencie a gera\u00e7\u00e3o sendo essa pessoa que voc\u00ea \u00e9. E, como presentinho para brindar um encontro de caminhonete, apresento para voc\u00eas a nova caminhonete da Boiadeira.\u201d<br \/>\nIncr\u00e9dula, Ana reagiu emocionada ao ver o ve\u00edculo: \u201cN\u00e3o acredito. Ai, estou chorando, gente do c\u00e9u. Como vou andar com isso? Nem sei como abre? N\u00e3o sei nem abrir\u201d, disse, arrancando risadas do p\u00fablico.<br \/>\nNas redes sociais, a sertaneja dividiu o momento com os f\u00e3s e celebrou a experi\u00eancia de estar no Barret\u00e3o: \u201cT\u00f4 vivendo esse Barret\u00e3o!! Quem t\u00e1 gostando de acompanhar?\u201d, escreveu.<br \/>\nNeste s\u00e1bado (23), a cantora far\u00e1 o seu show na Festa do Pe\u00e3o em Barretos e no dia 28 sobe ao palco de Barretos para gravar seu DV<\/p>\n<p><img loading=\"lazy\" decoding=\"async\" src=\"https:\/\/sabuguinho.com.br\/site\/wp-content\/uploads\/2025\/08\/montagens-gshow-84--150x85.jpg\" alt=\"\" width=\"150\" height=\"85\" class=\"alignnone size-medium wp-image-31134\" srcset=\"https:\/\/sabuguinho.com.br\/site\/wp-content\/uploads\/2025\/08\/montagens-gshow-84--150x85.jpg 150w, https:\/\/sabuguinho.com.br\/site\/wp-content\/uploads\/2025\/08\/montagens-gshow-84--512x288.jpg 512w, https:\/\/sabuguinho.com.br\/site\/wp-content\/uploads\/2025\/08\/montagens-gshow-84-.jpg 600w\" sizes=\"(max-width: 150px) 100vw, 150px\" \/><\/p>\n<p><img loading=\"lazy\" decoding=\"async\" src=\"https:\/\/sabuguinho.com.br\/site\/wp-content\/uploads\/2025\/08\/montagens-gshow-81--150x85.jpg\" alt=\"\" width=\"150\" height=\"85\" class=\"alignnone size-medium wp-image-31135\" srcset=\"https:\/\/sabuguinho.com.br\/site\/wp-content\/uploads\/2025\/08\/montagens-gshow-81--150x85.jpg 150w, https:\/\/sabuguinho.com.br\/site\/wp-content\/uploads\/2025\/08\/montagens-gshow-81--512x288.jpg 512w, https:\/\/sabuguinho.com.br\/site\/wp-content\/uploads\/2025\/08\/montagens-gshow-81-.jpg 600w\" sizes=\"(max-width: 150px) 100vw, 150px\" \/><\/p>\n<p>Legendas<br \/>\nA caminhonete que Ana Castela ganhou em Barretos \u2014 Foto: Reprodu\u00e7\u00e3o\/Instagram<\/p>\n<p>Ana Castela \u2014 Foto: Reprodu\u00e7\u00e3o\/Instagram<\/p>\n","protected":false},"excerpt":{"rendered":"<p>Embaixadora da Festa do Pe\u00e3o, foi surpreendida durante o evento e brincou: \u201cN\u00e3o sei nem abrir\u201d Por gshow \u2014 Rio de Janeiro A Boiadeira chegou com tudo em Barretos! Embaixadora oficial da Festa do Pe\u00e3o, Ana Castela foi surpreendida neste s\u00e1bado (23) com um presente para l\u00e1 de especial: uma caminhonete novinha em folha Durante [&hellip;]<\/p>\n","protected":false},"author":2,"featured_media":31138,"comment_status":"open","ping_status":"open","sticky":false,"template":"","format":"standard","meta":{"footnotes":""},"categories":[109],"tags":[],"_links":{"self":[{"href":"https:\/\/sabuguinho.com.br\/site\/wp-json\/wp\/v2\/posts\/31133"}],"collection":[{"href":"https:\/\/sabuguinho.com.br\/site\/wp-json\/wp\/v2\/posts"}],"about":[{"href":"https:\/\/sabuguinho.com.br\/site\/wp-json\/wp\/v2\/types\/post"}],"author":[{"embeddable":true,"href":"https:\/\/sabuguinho.com.br\/site\/wp-json\/wp\/v2\/users\/2"}],"replies":[{"embeddable":true,"href":"https:\/\/sabuguinho.com.br\/site\/wp-json\/wp\/v2\/comments?post=31133"}],"version-history":[{"count":1,"href":"https:\/\/sabuguinho.com.br\/site\/wp-json\/wp\/v2\/posts\/31133\/revisions"}],"predecessor-version":[{"id":31139,"href":"https:\/\/sabuguinho.com.br\/site\/wp-json\/wp\/v2\/posts\/31133\/revisions\/31139"}],"wp:featuredmedia":[{"embeddable":true,"href":"https:\/\/sabuguinho.com.br\/site\/wp-json\/wp\/v2\/media\/31138"}],"wp:attachment":[{"href":"https:\/\/sabuguinho.com.br\/site\/wp-json\/wp\/v2\/media?parent=31133"}],"wp:term":[{"taxonomy":"category","embeddable":true,"href":"https:\/\/sabuguinho.com.br\/site\/wp-json\/wp\/v2\/categories?post=31133"},{"taxonomy":"post_tag","embeddable":true,"href":"https:\/\/sabuguinho.com.br\/site\/wp-json\/wp\/v2\/tags?post=31133"}],"curies":[{"name":"wp","href":"https:\/\/api.w.org\/{rel}","templated":true}]}}