{"id":30994,"date":"2025-08-22T14:38:32","date_gmt":"2025-08-22T17:38:32","guid":{"rendered":"https:\/\/sabuguinho.com.br\/site\/?p=30994"},"modified":"2025-08-22T14:38:32","modified_gmt":"2025-08-22T17:38:32","slug":"escola-estadual-maria-izabel-cruz-pimentel-inicia-transicao-para-modelo-civico-militar-em-avare","status":"publish","type":"post","link":"https:\/\/sabuguinho.com.br\/site\/escola-estadual-maria-izabel-cruz-pimentel-inicia-transicao-para-modelo-civico-militar-em-avare\/","title":{"rendered":"ESCOLA ESTADUAL MARIA IZABEL CRUZ PIMENTEL INICIA TRANSI\u00c7\u00c3O PARA MODELO C\u00cdVICO-MILITAR EM AVAR\u00c9"},"content":{"rendered":"<p>A partir do dia 8 de setembro, a Escola Estadual Dona Maria Izabel Cruz Pimentel, em Avar\u00e9, dar\u00e1 in\u00edcio \u00e0s suas atividades no modelo c\u00edvico-militar. A unidade, que atende aproximadamente 570 alunos dos anos finais do Ensino Fundamental e do Ensino M\u00e9dio, passa a integrar o programa estadual que combina gest\u00e3o educacional compartilhada entre civis e militares.<br \/>\nDe acordo com comunicado divulgado pela dire\u00e7\u00e3o da escola, as entrevistas com os militares que atuar\u00e3o na unidade j\u00e1 foram conclu\u00eddas. A Secretaria Estadual da Educa\u00e7\u00e3o deve divulgar ainda na pr\u00f3xima semana todas as informa\u00e7\u00f5es oficiais sobre a implanta\u00e7\u00e3o do programa, incluindo detalhes sobre a estrutura, regras de conviv\u00eancia e o cronograma de adapta\u00e7\u00e3o.<br \/>\nEnquanto os uniformes espec\u00edficos do modelo c\u00edvico-militar n\u00e3o s\u00e3o disponibilizados \u2013 item que se encontra em fase de aquisi\u00e7\u00e3o \u2013, a escola orienta que os estudantes utilizem camiseta da institui\u00e7\u00e3o ou, na falta desta, vestimenta de cor branca.<br \/>\nA transi\u00e7\u00e3o para o modelo c\u00edvico-militar \u00e9 vista com expectativa por parte da comunidade escolar, que aguarda melhorias no ambiente educacional e no desempenho dos alunos. A escola refor\u00e7a a import\u00e2ncia da colabora\u00e7\u00e3o de todos \u2013 estudantes, fam\u00edlias e equipe pedag\u00f3gica \u2013 durante esse per\u00edodo de implanta\u00e7\u00e3o.<br \/>\nA EE Maria Izabel Cruz Pimentel passa a fazer parte de um grupo de unidades de ensino que adotam esse formato no estado de S\u00e3o Paulo, com o objetivo de promover disciplina, respeito e elevados padr\u00f5es de qualidade educacional<\/p>\n<p><img loading=\"lazy\" decoding=\"async\" src=\"https:\/\/sabuguinho.com.br\/site\/wp-content\/uploads\/2025\/08\/536662527_17917950459161487_6873951802796993190_n-150x150.jpg\" alt=\"\" width=\"150\" height=\"150\" class=\"alignnone size-medium wp-image-30995\" srcset=\"https:\/\/sabuguinho.com.br\/site\/wp-content\/uploads\/2025\/08\/536662527_17917950459161487_6873951802796993190_n-150x150.jpg 150w, https:\/\/sabuguinho.com.br\/site\/wp-content\/uploads\/2025\/08\/536662527_17917950459161487_6873951802796993190_n-512x512.jpg 512w, https:\/\/sabuguinho.com.br\/site\/wp-content\/uploads\/2025\/08\/536662527_17917950459161487_6873951802796993190_n-768x768.jpg 768w, https:\/\/sabuguinho.com.br\/site\/wp-content\/uploads\/2025\/08\/536662527_17917950459161487_6873951802796993190_n-75x75.jpg 75w, https:\/\/sabuguinho.com.br\/site\/wp-content\/uploads\/2025\/08\/536662527_17917950459161487_6873951802796993190_n-750x750.jpg 750w, https:\/\/sabuguinho.com.br\/site\/wp-content\/uploads\/2025\/08\/536662527_17917950459161487_6873951802796993190_n.jpg 1080w\" sizes=\"(max-width: 150px) 100vw, 150px\" \/><\/p>\n","protected":false},"excerpt":{"rendered":"<p>A partir do dia 8 de setembro, a Escola Estadual Dona Maria Izabel Cruz Pimentel, em Avar\u00e9, dar\u00e1 in\u00edcio \u00e0s suas atividades no modelo c\u00edvico-militar. A unidade, que atende aproximadamente 570 alunos dos anos finais do Ensino Fundamental e do Ensino M\u00e9dio, passa a integrar o programa estadual que combina gest\u00e3o educacional compartilhada entre civis [&hellip;]<\/p>\n","protected":false},"author":2,"featured_media":30996,"comment_status":"open","ping_status":"open","sticky":false,"template":"","format":"standard","meta":{"footnotes":""},"categories":[52],"tags":[],"_links":{"self":[{"href":"https:\/\/sabuguinho.com.br\/site\/wp-json\/wp\/v2\/posts\/30994"}],"collection":[{"href":"https:\/\/sabuguinho.com.br\/site\/wp-json\/wp\/v2\/posts"}],"about":[{"href":"https:\/\/sabuguinho.com.br\/site\/wp-json\/wp\/v2\/types\/post"}],"author":[{"embeddable":true,"href":"https:\/\/sabuguinho.com.br\/site\/wp-json\/wp\/v2\/users\/2"}],"replies":[{"embeddable":true,"href":"https:\/\/sabuguinho.com.br\/site\/wp-json\/wp\/v2\/comments?post=30994"}],"version-history":[{"count":1,"href":"https:\/\/sabuguinho.com.br\/site\/wp-json\/wp\/v2\/posts\/30994\/revisions"}],"predecessor-version":[{"id":30997,"href":"https:\/\/sabuguinho.com.br\/site\/wp-json\/wp\/v2\/posts\/30994\/revisions\/30997"}],"wp:featuredmedia":[{"embeddable":true,"href":"https:\/\/sabuguinho.com.br\/site\/wp-json\/wp\/v2\/media\/30996"}],"wp:attachment":[{"href":"https:\/\/sabuguinho.com.br\/site\/wp-json\/wp\/v2\/media?parent=30994"}],"wp:term":[{"taxonomy":"category","embeddable":true,"href":"https:\/\/sabuguinho.com.br\/site\/wp-json\/wp\/v2\/categories?post=30994"},{"taxonomy":"post_tag","embeddable":true,"href":"https:\/\/sabuguinho.com.br\/site\/wp-json\/wp\/v2\/tags?post=30994"}],"curies":[{"name":"wp","href":"https:\/\/api.w.org\/{rel}","templated":true}]}}