{"id":30939,"date":"2025-08-22T10:49:52","date_gmt":"2025-08-22T13:49:52","guid":{"rendered":"https:\/\/sabuguinho.com.br\/site\/?p=30939"},"modified":"2025-08-23T09:43:53","modified_gmt":"2025-08-23T12:43:53","slug":"pinacoteca-de-botucatu-recebe-a-exposicao-topografia-corpo-territorio-de-debora-amaral","status":"publish","type":"post","link":"https:\/\/sabuguinho.com.br\/site\/pinacoteca-de-botucatu-recebe-a-exposicao-topografia-corpo-territorio-de-debora-amaral\/","title":{"rendered":"Pinacoteca de Botucatu recebe a exposi\u00e7\u00e3o &#8216;Topografia: corpo territ\u00f3rio&#8217;, de D\u00e9bora Amaral"},"content":{"rendered":"<p>Mostra re\u00fane cer\u00e2mica, bordados e colagens que exploram o corpo como territ\u00f3rio sens\u00edvel e em constante transforma\u00e7\u00e3o<\/p>\n<p>A Pinacoteca de Botucatu inaugura no pr\u00f3ximo dia 30 de agosto, \u00e0s 18h, a exposi\u00e7\u00e3o \u201cTopografia: corpo territ\u00f3rio\u201d, da artista visual e curadora D\u00e9bora Amaral. A mostra poder\u00e1 ser visitada at\u00e9 19 de outubro de 2025, com entrada gratuita e aberta ao p\u00fablico.<br \/>\nA exposi\u00e7\u00e3o prop\u00f5e uma reflex\u00e3o sens\u00edvel sobre as rela\u00e7\u00f5es entre corpo, mat\u00e9ria e espa\u00e7o. A partir de pr\u00e1ticas ancestrais como cer\u00e2mica, bordado, pintura com pigmentos naturais e cria\u00e7\u00e3o com materiais coletados, D\u00e9bora constr\u00f3i territ\u00f3rios po\u00e9ticos que transitam entre fragilidade e resist\u00eancia, sutura e ruptura, gesto e tempo.<br \/>\nPara a artista, a proposta \u00e9 menos sobre acabamento e mais sobre processo:<br \/>\n\u201cMinhas obras falam de encontros e separa\u00e7\u00f5es, do que resiste mesmo quando parece fragmentado. Quero que o p\u00fablico perceba as fissuras como lugares de pot\u00eancia e reinven\u00e7\u00e3o\u201d, afirma D\u00e9bora Amaral.<br \/>\nEntre os trabalhos reunidos est\u00e3o pe\u00e7as em cer\u00e2mica, bordados, colagens e performances registradas, que convidam o visitante a adentrar superf\u00edcies porosas onde o corpo se torna territ\u00f3rio de mem\u00f3rias, afetos e transforma\u00e7\u00f5es.<\/p>\n<p>Sobre a artista<\/p>\n<p>D\u00e9bora Amaral (S\u00e3o Paulo, 1980) \u00e9 artista visual, professora e pesquisadora em Artes Visuais. Sua produ\u00e7\u00e3o transita entre cer\u00e2mica, bordado, pintura, gravura, colagem, processos t\u00eaxteis e performances, sempre explorando a rela\u00e7\u00e3o entre corpo, natureza e tempo.<br \/>\nEntre suas exposi\u00e7\u00f5es individuais, destaca-se Tramas da vida (Parque CienTec \u2013 USP, S\u00e3o Paulo, 2022-2023). Participou tamb\u00e9m de mostras coletivas como Desvendando oceanos (Pinacoteca F\u00f3rum das Artes, Botucatu, 2024), Sal\u00e3o de Arte (Museu dos Couros, Formosa, GO, 2023), Cartografias do cuidado (Espa\u00e7o Taz, S\u00e3o Paulo, 2023), Desobede\u00e7a (Centro Cultural Professor Lauro Monteiro, Mogi Mirim, 2022) e Mulher de ningu\u00e9m (Casa Herc\u00edlio Esteves, Petr\u00f3polis, RJ, 2022). Atualmente, integra a exposi\u00e7\u00e3o internacional France Br\u00e9sil, em cartaz na Regard Transversal na Galerie ER, em Saint Savin, Fran\u00e7a.<br \/>\nSuas obras integram os acervos do Museu da Amaz\u00f4nia (MUSA), em Manaus, do Museu Municipal da Est\u00e2ncia de Socorro e da Pinacoteca\u00a0de\u00a0Botucatu.<\/p>\n<p><img loading=\"lazy\" decoding=\"async\" src=\"https:\/\/sabuguinho.com.br\/site\/wp-content\/uploads\/2025\/08\/1000332321-2--150x124.jpg\" alt=\"\" width=\"150\" height=\"124\" class=\"alignnone size-medium wp-image-30940\" srcset=\"https:\/\/sabuguinho.com.br\/site\/wp-content\/uploads\/2025\/08\/1000332321-2--150x124.jpg 150w, https:\/\/sabuguinho.com.br\/site\/wp-content\/uploads\/2025\/08\/1000332321-2--512x423.jpg 512w, https:\/\/sabuguinho.com.br\/site\/wp-content\/uploads\/2025\/08\/1000332321-2--768x634.jpg 768w, https:\/\/sabuguinho.com.br\/site\/wp-content\/uploads\/2025\/08\/1000332321-2--750x620.jpg 750w, https:\/\/sabuguinho.com.br\/site\/wp-content\/uploads\/2025\/08\/1000332321-2-.jpg 1000w\" sizes=\"(max-width: 150px) 100vw, 150px\" \/><\/p>\n<p><img loading=\"lazy\" decoding=\"async\" src=\"https:\/\/sabuguinho.com.br\/site\/wp-content\/uploads\/2025\/08\/1000326760-142x150.jpg\" alt=\"\" width=\"142\" height=\"150\" class=\"alignnone size-medium wp-image-30941\" srcset=\"https:\/\/sabuguinho.com.br\/site\/wp-content\/uploads\/2025\/08\/1000326760-142x150.jpg 142w, https:\/\/sabuguinho.com.br\/site\/wp-content\/uploads\/2025\/08\/1000326760-486x512.jpg 486w, https:\/\/sabuguinho.com.br\/site\/wp-content\/uploads\/2025\/08\/1000326760-768x809.jpg 768w, https:\/\/sabuguinho.com.br\/site\/wp-content\/uploads\/2025\/08\/1000326760-750x790.jpg 750w, https:\/\/sabuguinho.com.br\/site\/wp-content\/uploads\/2025\/08\/1000326760.jpg 949w\" sizes=\"(max-width: 142px) 100vw, 142px\" \/><\/p>\n","protected":false},"excerpt":{"rendered":"<p>Mostra re\u00fane cer\u00e2mica, bordados e colagens que exploram o corpo como territ\u00f3rio sens\u00edvel e em constante transforma\u00e7\u00e3o A Pinacoteca de Botucatu inaugura no pr\u00f3ximo dia 30 de agosto, \u00e0s 18h, a exposi\u00e7\u00e3o \u201cTopografia: corpo territ\u00f3rio\u201d, da artista visual e curadora D\u00e9bora Amaral. A mostra poder\u00e1 ser visitada at\u00e9 19 de outubro de 2025, com entrada [&hellip;]<\/p>\n","protected":false},"author":2,"featured_media":30943,"comment_status":"open","ping_status":"open","sticky":false,"template":"","format":"standard","meta":{"footnotes":""},"categories":[104],"tags":[],"_links":{"self":[{"href":"https:\/\/sabuguinho.com.br\/site\/wp-json\/wp\/v2\/posts\/30939"}],"collection":[{"href":"https:\/\/sabuguinho.com.br\/site\/wp-json\/wp\/v2\/posts"}],"about":[{"href":"https:\/\/sabuguinho.com.br\/site\/wp-json\/wp\/v2\/types\/post"}],"author":[{"embeddable":true,"href":"https:\/\/sabuguinho.com.br\/site\/wp-json\/wp\/v2\/users\/2"}],"replies":[{"embeddable":true,"href":"https:\/\/sabuguinho.com.br\/site\/wp-json\/wp\/v2\/comments?post=30939"}],"version-history":[{"count":3,"href":"https:\/\/sabuguinho.com.br\/site\/wp-json\/wp\/v2\/posts\/30939\/revisions"}],"predecessor-version":[{"id":31079,"href":"https:\/\/sabuguinho.com.br\/site\/wp-json\/wp\/v2\/posts\/30939\/revisions\/31079"}],"wp:featuredmedia":[{"embeddable":true,"href":"https:\/\/sabuguinho.com.br\/site\/wp-json\/wp\/v2\/media\/30943"}],"wp:attachment":[{"href":"https:\/\/sabuguinho.com.br\/site\/wp-json\/wp\/v2\/media?parent=30939"}],"wp:term":[{"taxonomy":"category","embeddable":true,"href":"https:\/\/sabuguinho.com.br\/site\/wp-json\/wp\/v2\/categories?post=30939"},{"taxonomy":"post_tag","embeddable":true,"href":"https:\/\/sabuguinho.com.br\/site\/wp-json\/wp\/v2\/tags?post=30939"}],"curies":[{"name":"wp","href":"https:\/\/api.w.org\/{rel}","templated":true}]}}