{"id":30807,"date":"2025-08-20T17:46:18","date_gmt":"2025-08-20T20:46:18","guid":{"rendered":"https:\/\/sabuguinho.com.br\/site\/?p=30807"},"modified":"2025-08-20T17:46:18","modified_gmt":"2025-08-20T20:46:18","slug":"unica-atleta-de-itapetininga-camila-carvalho-se-prepara-a-disputar-o-mundial-de-corrida-de-obstaculos-ocr-na-suecia","status":"publish","type":"post","link":"https:\/\/sabuguinho.com.br\/site\/unica-atleta-de-itapetininga-camila-carvalho-se-prepara-a-disputar-o-mundial-de-corrida-de-obstaculos-ocr-na-suecia\/","title":{"rendered":"\u00danica atleta de Itapetininga, Camila Carvalho se prepara a disputar o Mundial de Corrida de Obst\u00e1culos (OCR) na Su\u00e9cia"},"content":{"rendered":"<p>Dentro de alguns dias, a atleta de Corrida de Obst\u00e1culos (OCR), Camila Carvalho Messias, de 27 anos, embarca para mais um campeonato. Este agora, diferente dos outros. <\/p>\n<p>Ser\u00e1 na Su\u00e9cia. Isso mesmo. Ser\u00e3o aproximadamente 20 horas entre voo e escala, at\u00e9 o destino. \u201cSer\u00e1 uma honra pra mim poder representar Itapetininga e o meu pa\u00eds em uma competi\u00e7\u00e3o mundial\u201d, destacou Camila.<br \/>\nO Campeonato Mundial de Corrida de Obst\u00e1culos (OCR) de 2025 ser\u00e1 em Gotemburgo, na Su\u00e9cia, de 11 a 14 de setembro. O evento \u00e9 organizado pela Federa\u00e7\u00e3o Sueca de Atletismo em colabora\u00e7\u00e3o com a Tough Viking e ter\u00e1 lugar no Parque Slottsskogen, com o Est\u00e1dio Slottsskogsvallen marcando as linhas de largada e chegada.<br \/>\n\u201c\u00c9 uma emo\u00e7\u00e3o muito grande competir entre 2 mil atletas de todo o mundo e eu fui a \u00fanica classificada para representar Itapetininga. Ser\u00e3o 12 quil\u00f4metros com 40 obst\u00e1culos. Para isso, \u00e9 necess\u00e1ria muita concentra\u00e7\u00e3o\u201d, destacou a atleta Camila, que \u00e9 Guarda Civil Municipal da cidade.<br \/>\nA mais recente corrida que participou foi em Talca, no Parque Rio Claro, no Chile, em julho deste ano, onde subiu ao p\u00f3dio e conquistou o 2\u00ba lugar na categoria 25 a 29 anos. Foi o Campeonato Sul-Americano de Corrida com Obst\u00e1culos. Conquista que credenciou a disputar o Mundial.<br \/>\n\u201cLevantei a bandeira do Brasil. Foi uma experi\u00eancia marcante competir com outros 800 atletas da Am\u00e9rica Latina, sendo que foi uma prova bem dif\u00edcil. Percorri 13 quil\u00f4metros com 33 obst\u00e1culos. No ano que vem, esse Sul-Americano deve ser realizado aqui no Brasil\u201d, disse a jovem atleta.<br \/>\nCamila contou que o gosto pela corrida foi no fim de 2023 quando se preparava para um teste f\u00edsico (TAF). \u201cO que era apenas uma obriga\u00e7\u00e3o virou paix\u00e3o e, com o tempo, um novo estilo de vida. Na minha primeira prova, n\u00e3o consegui dar o meu melhor, mas terminei com a certeza de que precisava ajustar minha rotina e superar minhas desculpas. Foi esse ponto de virada que me levou a levar o esporte a s\u00e9rio\u201d, explicou a atleta.<br \/>\nCom orienta\u00e7\u00e3o, consist\u00eancia e foco, Camila evoluiu rapidamente. O primeiro p\u00f3dio veio logo e, desde ent\u00e3o, j\u00e1 s\u00e3o mais de 40 provas e in\u00fameras conquistas, resultado de dedica\u00e7\u00e3o e disciplina. \u201cHoje, mais do que competir, meu prop\u00f3sito \u00e9 ser melhor que ontem, fisicamente, mentalmente e espiritualmente\u201d, frisou.<br \/>\nPara Camila, sa\u00fade \u00e9 equil\u00edbrio. E com const\u00e2ncia e f\u00e9, qualquer pessoa pode transformar seu estilo de vida por meio do esporte. \u201cMais do que competir, carrego um prop\u00f3sito: inspirar pessoas a cuidarem da sa\u00fade, superarem limites e acreditarem que, com f\u00e9 e const\u00e2ncia, \u00e9 poss\u00edvel transformar vidas\u201d, salientou a jovem.<\/p>\n","protected":false},"excerpt":{"rendered":"<p>Dentro de alguns dias, a atleta de Corrida de Obst\u00e1culos (OCR), Camila Carvalho Messias, de 27 anos, embarca para mais um campeonato. Este agora, diferente dos outros. Ser\u00e1 na Su\u00e9cia. Isso mesmo. Ser\u00e3o aproximadamente 20 horas entre voo e escala, at\u00e9 o destino. \u201cSer\u00e1 uma honra pra mim poder representar Itapetininga e o meu pa\u00eds [&hellip;]<\/p>\n","protected":false},"author":2,"featured_media":30808,"comment_status":"open","ping_status":"open","sticky":false,"template":"","format":"standard","meta":{"footnotes":""},"categories":[45],"tags":[],"_links":{"self":[{"href":"https:\/\/sabuguinho.com.br\/site\/wp-json\/wp\/v2\/posts\/30807"}],"collection":[{"href":"https:\/\/sabuguinho.com.br\/site\/wp-json\/wp\/v2\/posts"}],"about":[{"href":"https:\/\/sabuguinho.com.br\/site\/wp-json\/wp\/v2\/types\/post"}],"author":[{"embeddable":true,"href":"https:\/\/sabuguinho.com.br\/site\/wp-json\/wp\/v2\/users\/2"}],"replies":[{"embeddable":true,"href":"https:\/\/sabuguinho.com.br\/site\/wp-json\/wp\/v2\/comments?post=30807"}],"version-history":[{"count":1,"href":"https:\/\/sabuguinho.com.br\/site\/wp-json\/wp\/v2\/posts\/30807\/revisions"}],"predecessor-version":[{"id":30809,"href":"https:\/\/sabuguinho.com.br\/site\/wp-json\/wp\/v2\/posts\/30807\/revisions\/30809"}],"wp:featuredmedia":[{"embeddable":true,"href":"https:\/\/sabuguinho.com.br\/site\/wp-json\/wp\/v2\/media\/30808"}],"wp:attachment":[{"href":"https:\/\/sabuguinho.com.br\/site\/wp-json\/wp\/v2\/media?parent=30807"}],"wp:term":[{"taxonomy":"category","embeddable":true,"href":"https:\/\/sabuguinho.com.br\/site\/wp-json\/wp\/v2\/categories?post=30807"},{"taxonomy":"post_tag","embeddable":true,"href":"https:\/\/sabuguinho.com.br\/site\/wp-json\/wp\/v2\/tags?post=30807"}],"curies":[{"name":"wp","href":"https:\/\/api.w.org\/{rel}","templated":true}]}}