{"id":30774,"date":"2025-08-20T14:10:22","date_gmt":"2025-08-20T17:10:22","guid":{"rendered":"https:\/\/sabuguinho.com.br\/site\/?p=30774"},"modified":"2025-08-20T14:10:22","modified_gmt":"2025-08-20T17:10:22","slug":"mulher-protocolo-nao-se-cale-sera-discutido-em-evento-do-agosto-lilas","status":"publish","type":"post","link":"https:\/\/sabuguinho.com.br\/site\/mulher-protocolo-nao-se-cale-sera-discutido-em-evento-do-agosto-lilas\/","title":{"rendered":"MULHER &#8211; *Protocolo \u201cN\u00e3o se Cale\u201d ser\u00e1 discutido em evento do Agosto Lil\u00e1s*"},"content":{"rendered":"<p>Aberto ao p\u00fablico, encontro promovido pela Secretaria da Mulher acontece na quarta-feira, 27, \u00e0s 19 horas, com presen\u00e7a de especialistas_ <\/p>\n<p>A Secretaria Municipal da Mulher e da Fam\u00edlia (SMMF) promove na quarta-feira, 27, um evento alusivo \u00e0 campanha Agosto Lil\u00e1s, m\u00eas de conscientiza\u00e7\u00e3o e enfrentamento \u00e0 viol\u00eancia contra a mulher.<br \/>\nO foco \u00e9 a implanta\u00e7\u00e3o em Avar\u00e9 do Protocolo \u201cN\u00e3o se Cale\u201d, iniciativa que visa fortalecer a rede de prote\u00e7\u00e3o e acolhimento \u00e0s mulheres em situa\u00e7\u00e3o de viol\u00eancia.<br \/>\nAberto ao p\u00fablico e voltado especialmente a mulheres, profissionais da rede de apoio, estudantes e interessados no tema, o encontro tem in\u00edcio \u00e0s 19 horas na C\u00e2mara de Vereadores (Avenida Gilberto Filgueiras, n\u00b01631).<br \/>\nA discuss\u00e3o sobre o protocolo \u201cN\u00e3o Se Cale\u201d ter\u00e1 a participa\u00e7\u00e3o da vice-prefeita Kika Monteiro, que comanda a SMMF, da delegada Jana\u00edna Morais, titular da Delegacia da Mulher de Avar\u00e9, e da perita criminal Bruna Leal Calzavara, chefe da Pol\u00edcia T\u00e9cnica de Avar\u00e9.<br \/>\n\u201cO objetivo \u00e9 promover di\u00e1logo, a informa\u00e7\u00e3o e conscientiza\u00e7\u00e3o sobre a prote\u00e7\u00e3o e os direitos das mulheres\u201d, destaca a organiza\u00e7\u00e3o. <\/p>\n<p>*Inscri\u00e7\u00f5es*<br \/>\nAs vagas s\u00e3o limitadas. Interessados devem se inscrever pelo link https:\/\/docs.google.com\/forms\/d\/e\/1FAIpQLSewYh_iuevrZdAsWxqhzp1jQHUgKREKfcYyKqpdjOzFjchXoQ\/viewform<\/p>\n<p>Outras informa\u00e7\u00f5es podem ser obtidas pelo telefone (14) 9 9188-0296. <\/p>\n<p>*\u201cN\u00e3o se Cale\u201d*<\/p>\n<p>O Protocolo \u201cN\u00e3o se Cale\u201d \u00e9 fruto de pol\u00edtica p\u00fablica estadual com o objetivo de combater a viol\u00eancia contra a mulher em bares, baladas, restaurantes, casas de espet\u00e1culos, eventos e similares.<br \/>\nPor meio dessa iniciativa, os estabelecimentos recebem diretrizes e orienta\u00e7\u00f5es para que seus colaboradores saibam prestar aux\u00edlio adequado \u00e0s v\u00edtimas de ass\u00e9dio, abuso, viol\u00eancia e importuna\u00e7\u00e3o.<br \/>\nA cobertura inclui desde a sa\u00edda do local em seguran\u00e7a at\u00e9 o acionamento da rede p\u00fablica de sa\u00fade e seguran\u00e7a.<br \/>\n\u201cTrata-se de um fluxo completo de a\u00e7\u00f5es em prol das v\u00edtimas, que prev\u00ea inclusive um selo de reconhecimento para estabelecimentos conforme o n\u00edvel de capacita\u00e7\u00e3o das equipes e estabelecimentos\u201d, destaca a organiza\u00e7\u00e3o.<\/p>\n","protected":false},"excerpt":{"rendered":"<p>Aberto ao p\u00fablico, encontro promovido pela Secretaria da Mulher acontece na quarta-feira, 27, \u00e0s 19 horas, com presen\u00e7a de especialistas_ A Secretaria Municipal da Mulher e da Fam\u00edlia (SMMF) promove na quarta-feira, 27, um evento alusivo \u00e0 campanha Agosto Lil\u00e1s, m\u00eas de conscientiza\u00e7\u00e3o e enfrentamento \u00e0 viol\u00eancia contra a mulher. O foco \u00e9 a implanta\u00e7\u00e3o [&hellip;]<\/p>\n","protected":false},"author":2,"featured_media":30775,"comment_status":"open","ping_status":"open","sticky":false,"template":"","format":"standard","meta":{"footnotes":""},"categories":[58],"tags":[],"_links":{"self":[{"href":"https:\/\/sabuguinho.com.br\/site\/wp-json\/wp\/v2\/posts\/30774"}],"collection":[{"href":"https:\/\/sabuguinho.com.br\/site\/wp-json\/wp\/v2\/posts"}],"about":[{"href":"https:\/\/sabuguinho.com.br\/site\/wp-json\/wp\/v2\/types\/post"}],"author":[{"embeddable":true,"href":"https:\/\/sabuguinho.com.br\/site\/wp-json\/wp\/v2\/users\/2"}],"replies":[{"embeddable":true,"href":"https:\/\/sabuguinho.com.br\/site\/wp-json\/wp\/v2\/comments?post=30774"}],"version-history":[{"count":1,"href":"https:\/\/sabuguinho.com.br\/site\/wp-json\/wp\/v2\/posts\/30774\/revisions"}],"predecessor-version":[{"id":30776,"href":"https:\/\/sabuguinho.com.br\/site\/wp-json\/wp\/v2\/posts\/30774\/revisions\/30776"}],"wp:featuredmedia":[{"embeddable":true,"href":"https:\/\/sabuguinho.com.br\/site\/wp-json\/wp\/v2\/media\/30775"}],"wp:attachment":[{"href":"https:\/\/sabuguinho.com.br\/site\/wp-json\/wp\/v2\/media?parent=30774"}],"wp:term":[{"taxonomy":"category","embeddable":true,"href":"https:\/\/sabuguinho.com.br\/site\/wp-json\/wp\/v2\/categories?post=30774"},{"taxonomy":"post_tag","embeddable":true,"href":"https:\/\/sabuguinho.com.br\/site\/wp-json\/wp\/v2\/tags?post=30774"}],"curies":[{"name":"wp","href":"https:\/\/api.w.org\/{rel}","templated":true}]}}