{"id":30765,"date":"2025-08-20T13:53:26","date_gmt":"2025-08-20T16:53:26","guid":{"rendered":"https:\/\/sabuguinho.com.br\/site\/?p=30765"},"modified":"2025-08-20T13:53:26","modified_gmt":"2025-08-20T16:53:26","slug":"cultura-maestro-joao-rubio-e-atracao-na-terca-feira-26-no-quinta-da-casa","status":"publish","type":"post","link":"https:\/\/sabuguinho.com.br\/site\/cultura-maestro-joao-rubio-e-atracao-na-terca-feira-26-no-quinta-da-casa\/","title":{"rendered":"CULTURA  *Maestro Jo\u00e3o Rubio \u00e9 atra\u00e7\u00e3o na ter\u00e7a-feira, 26, no Quinta da Casa*"},"content":{"rendered":"<p>Evento que abre espa\u00e7o para artistas de Avar\u00e9 tem in\u00edcio \u00e0s 20 horas; entrada \u00e9 a doa\u00e7\u00e3o de um produto de higiene_<br \/>\nO maestro Jo\u00e3o Rubio \u00e9 a atra\u00e7\u00e3o do Quinta da Casa que acontece na ter\u00e7a-feira, 26, \u00e0s 20 horas, no Centro Cultural Esther Pires Novaes.<br \/>\nAberto ao p\u00fablico, o evento mensal organizado pela Secretaria Municipal da Cultura abre espa\u00e7o para talentos art\u00edsticos de Avar\u00e9. <\/p>\n<p>A iniciativa conta com apoio do prefeito Roberto Araujo. <\/p>\n<p>A edi\u00e7\u00e3o vai contar com a participa\u00e7\u00e3o da Jhon Brass Orchestra. O repert\u00f3rio inclui m\u00fasicas do cantor canadense Michael Steven Bubl\u00e9 e outros cl\u00e1ssicos estrangeiros.  <\/p>\n<p>*Entrada solid\u00e1ria*<\/p>\n<p>A entrada \u00e9 a doa\u00e7\u00e3o de produto de higiene pessoal. Os donativos ser\u00e3o destinados a causas sociais. O Centro Cultural fica na Rua Cear\u00e1, n\u00ba 1507.<br \/>\nO Quinta da Casa tem apoio das empresas Mult Lix, Lemon King Citrus, Tronco Avar\u00e9, Supermercado Pinheir\u00e3o, Castelinho Adesivos e Pinturas, Kak\u00e1 &#038; Marcos Decora\u00e7\u00f5es, Clarear-te, UNEDUVALE, Casa Castilho e Multiflora.<\/p>\n<p><img loading=\"lazy\" decoding=\"async\" src=\"https:\/\/sabuguinho.com.br\/site\/wp-content\/uploads\/2025\/08\/IMG-20250820-WA0082-150x114.jpg\" alt=\"\" width=\"150\" height=\"114\" class=\"alignnone size-medium wp-image-30766\" srcset=\"https:\/\/sabuguinho.com.br\/site\/wp-content\/uploads\/2025\/08\/IMG-20250820-WA0082-150x114.jpg 150w, https:\/\/sabuguinho.com.br\/site\/wp-content\/uploads\/2025\/08\/IMG-20250820-WA0082-512x390.jpg 512w, https:\/\/sabuguinho.com.br\/site\/wp-content\/uploads\/2025\/08\/IMG-20250820-WA0082-768x586.jpg 768w, https:\/\/sabuguinho.com.br\/site\/wp-content\/uploads\/2025\/08\/IMG-20250820-WA0082-750x572.jpg 750w, https:\/\/sabuguinho.com.br\/site\/wp-content\/uploads\/2025\/08\/IMG-20250820-WA0082-1140x869.jpg 1140w, https:\/\/sabuguinho.com.br\/site\/wp-content\/uploads\/2025\/08\/IMG-20250820-WA0082.jpg 1280w\" sizes=\"(max-width: 150px) 100vw, 150px\" \/><\/p>\n","protected":false},"excerpt":{"rendered":"<p>Evento que abre espa\u00e7o para artistas de Avar\u00e9 tem in\u00edcio \u00e0s 20 horas; entrada \u00e9 a doa\u00e7\u00e3o de um produto de higiene_ O maestro Jo\u00e3o Rubio \u00e9 a atra\u00e7\u00e3o do Quinta da Casa que acontece na ter\u00e7a-feira, 26, \u00e0s 20 horas, no Centro Cultural Esther Pires Novaes. Aberto ao p\u00fablico, o evento mensal organizado pela [&hellip;]<\/p>\n","protected":false},"author":2,"featured_media":30767,"comment_status":"open","ping_status":"open","sticky":false,"template":"","format":"standard","meta":{"footnotes":""},"categories":[56],"tags":[],"_links":{"self":[{"href":"https:\/\/sabuguinho.com.br\/site\/wp-json\/wp\/v2\/posts\/30765"}],"collection":[{"href":"https:\/\/sabuguinho.com.br\/site\/wp-json\/wp\/v2\/posts"}],"about":[{"href":"https:\/\/sabuguinho.com.br\/site\/wp-json\/wp\/v2\/types\/post"}],"author":[{"embeddable":true,"href":"https:\/\/sabuguinho.com.br\/site\/wp-json\/wp\/v2\/users\/2"}],"replies":[{"embeddable":true,"href":"https:\/\/sabuguinho.com.br\/site\/wp-json\/wp\/v2\/comments?post=30765"}],"version-history":[{"count":1,"href":"https:\/\/sabuguinho.com.br\/site\/wp-json\/wp\/v2\/posts\/30765\/revisions"}],"predecessor-version":[{"id":30768,"href":"https:\/\/sabuguinho.com.br\/site\/wp-json\/wp\/v2\/posts\/30765\/revisions\/30768"}],"wp:featuredmedia":[{"embeddable":true,"href":"https:\/\/sabuguinho.com.br\/site\/wp-json\/wp\/v2\/media\/30767"}],"wp:attachment":[{"href":"https:\/\/sabuguinho.com.br\/site\/wp-json\/wp\/v2\/media?parent=30765"}],"wp:term":[{"taxonomy":"category","embeddable":true,"href":"https:\/\/sabuguinho.com.br\/site\/wp-json\/wp\/v2\/categories?post=30765"},{"taxonomy":"post_tag","embeddable":true,"href":"https:\/\/sabuguinho.com.br\/site\/wp-json\/wp\/v2\/tags?post=30765"}],"curies":[{"name":"wp","href":"https:\/\/api.w.org\/{rel}","templated":true}]}}