{"id":30754,"date":"2025-08-20T13:01:46","date_gmt":"2025-08-20T16:01:46","guid":{"rendered":"https:\/\/sabuguinho.com.br\/site\/?p=30754"},"modified":"2025-08-20T13:42:08","modified_gmt":"2025-08-20T16:42:08","slug":"camara-aprova-concessao-de-uso-de-imovel-para-sede-da-associacao-insanos-mc","status":"publish","type":"post","link":"https:\/\/sabuguinho.com.br\/site\/camara-aprova-concessao-de-uso-de-imovel-para-sede-da-associacao-insanos-mc\/","title":{"rendered":"C\u00e2mara aprova concess\u00e3o de uso de im\u00f3vel para sede da Associa\u00e7\u00e3o Insanos MC"},"content":{"rendered":"<p>Entidade sem fins lucrativos tem promovido diversas a\u00e7\u00f5es sociais em prol do munic\u00edpio nos \u00faltimos meses<br \/>\nEm sess\u00e3o plen\u00e1ria realizada na noite de segunda-feira, 18, a C\u00e2mara de Vereadores de Avar\u00e9 aprovou por unanimidade o projeto de lei 191\/2025, de autoria do Executivo, que rege sobre a concess\u00e3o de uso de im\u00f3vel para servir de sede \u00e0 Associa\u00e7\u00e3o de Motociclistas Insanos Moto Clube, Divis\u00e3o de Avar\u00e9, entidade sem fins lucrativos que tem promovido diversas a\u00e7\u00f5es sociais em prol do munic\u00edpio nos \u00faltimos meses.<br \/>\nMembros do MC acompanharam a vota\u00e7\u00e3o do projeto at\u00e9 sua aprova\u00e7\u00e3o, que foi un\u00e2nime, diante de muitas declara\u00e7\u00f5es positivas de praticamente todos os vereadores que justificaram seus votos citando as in\u00fameras a\u00e7\u00f5es sociais praticadas pela entidade, como arrecada\u00e7\u00e3o de alimentos, roupas, ra\u00e7\u00f5es para pets entre outras.<br \/>\nO im\u00f3vel em quest\u00e3o, que servir\u00e1 de sede para os \u201cInsanos\u201d, fica no interior do Parque de Exposi\u00e7\u00f5es Fernando Cruz Pimentel, antigo Destacamento da Pol\u00edcia Montada, local onde a associa\u00e7\u00e3o poder\u00e1 exercer suas atividades por um per\u00edodo de 20 anos, podendo ser prorrogado por igual per\u00edodo.<br \/>\nNa justificativa do Executivo, a concess\u00e3o se d\u00e1 principalmente pela pol\u00edtica p\u00fablica da associa\u00e7\u00e3o, que inclui campanhas sociais de arrecada\u00e7\u00e3o em prol de entidades assistenciais p\u00fablicas e privadas, e tamb\u00e9m realiza\u00e7\u00e3o de eventos para motociclistas que fomentam o turismo da cidade, a rede hoteleira e o com\u00e9rcio em geral, gerando divisas para a economia do munic\u00edpio.<br \/>\nAssim que o projeto foi aprovado em plen\u00e1rio, os membros da associa\u00e7\u00e3o deram o seu \u201cgrito de guerra\u201d e, ao t\u00e9rmino da sess\u00e3o, aproveitaram para agradecer e posar para fotos com os vereadores.  <\/p>\n<p><img loading=\"lazy\" decoding=\"async\" src=\"https:\/\/sabuguinho.com.br\/site\/wp-content\/uploads\/2025\/08\/d5877675-2a47-4295-a8ec-082b466a6331-150x111.jpg\" alt=\"\" width=\"150\" height=\"111\" class=\"alignnone size-medium wp-image-30760\" srcset=\"https:\/\/sabuguinho.com.br\/site\/wp-content\/uploads\/2025\/08\/d5877675-2a47-4295-a8ec-082b466a6331-150x111.jpg 150w, https:\/\/sabuguinho.com.br\/site\/wp-content\/uploads\/2025\/08\/d5877675-2a47-4295-a8ec-082b466a6331-512x380.jpg 512w, https:\/\/sabuguinho.com.br\/site\/wp-content\/uploads\/2025\/08\/d5877675-2a47-4295-a8ec-082b466a6331-768x569.jpg 768w, https:\/\/sabuguinho.com.br\/site\/wp-content\/uploads\/2025\/08\/d5877675-2a47-4295-a8ec-082b466a6331-750x556.jpg 750w, https:\/\/sabuguinho.com.br\/site\/wp-content\/uploads\/2025\/08\/d5877675-2a47-4295-a8ec-082b466a6331.jpg 800w\" sizes=\"(max-width: 150px) 100vw, 150px\" \/><\/p>\n","protected":false},"excerpt":{"rendered":"<p>Entidade sem fins lucrativos tem promovido diversas a\u00e7\u00f5es sociais em prol do munic\u00edpio nos \u00faltimos meses Em sess\u00e3o plen\u00e1ria realizada na noite de segunda-feira, 18, a C\u00e2mara de Vereadores de Avar\u00e9 aprovou por unanimidade o projeto de lei 191\/2025, de autoria do Executivo, que rege sobre a concess\u00e3o de uso de im\u00f3vel para servir de [&hellip;]<\/p>\n","protected":false},"author":2,"featured_media":30755,"comment_status":"open","ping_status":"open","sticky":false,"template":"","format":"standard","meta":{"footnotes":""},"categories":[58],"tags":[],"_links":{"self":[{"href":"https:\/\/sabuguinho.com.br\/site\/wp-json\/wp\/v2\/posts\/30754"}],"collection":[{"href":"https:\/\/sabuguinho.com.br\/site\/wp-json\/wp\/v2\/posts"}],"about":[{"href":"https:\/\/sabuguinho.com.br\/site\/wp-json\/wp\/v2\/types\/post"}],"author":[{"embeddable":true,"href":"https:\/\/sabuguinho.com.br\/site\/wp-json\/wp\/v2\/users\/2"}],"replies":[{"embeddable":true,"href":"https:\/\/sabuguinho.com.br\/site\/wp-json\/wp\/v2\/comments?post=30754"}],"version-history":[{"count":3,"href":"https:\/\/sabuguinho.com.br\/site\/wp-json\/wp\/v2\/posts\/30754\/revisions"}],"predecessor-version":[{"id":30762,"href":"https:\/\/sabuguinho.com.br\/site\/wp-json\/wp\/v2\/posts\/30754\/revisions\/30762"}],"wp:featuredmedia":[{"embeddable":true,"href":"https:\/\/sabuguinho.com.br\/site\/wp-json\/wp\/v2\/media\/30755"}],"wp:attachment":[{"href":"https:\/\/sabuguinho.com.br\/site\/wp-json\/wp\/v2\/media?parent=30754"}],"wp:term":[{"taxonomy":"category","embeddable":true,"href":"https:\/\/sabuguinho.com.br\/site\/wp-json\/wp\/v2\/categories?post=30754"},{"taxonomy":"post_tag","embeddable":true,"href":"https:\/\/sabuguinho.com.br\/site\/wp-json\/wp\/v2\/tags?post=30754"}],"curies":[{"name":"wp","href":"https:\/\/api.w.org\/{rel}","templated":true}]}}