{"id":30741,"date":"2025-08-20T11:06:10","date_gmt":"2025-08-20T14:06:10","guid":{"rendered":"https:\/\/sabuguinho.com.br\/site\/?p=30741"},"modified":"2025-08-20T11:06:18","modified_gmt":"2025-08-20T14:06:18","slug":"radio-camara-grava-a-voz-do-brasil-em-cinco-cidades-brasileiras","status":"publish","type":"post","link":"https:\/\/sabuguinho.com.br\/site\/radio-camara-grava-a-voz-do-brasil-em-cinco-cidades-brasileiras\/","title":{"rendered":"R\u00e1dio C\u00e2mara grava A Voz do Brasil em cinco cidades brasileiras"},"content":{"rendered":"<p>Parceria in\u00e9dita com emissoras da Rede Legislativa de R\u00e1dio celebra os 90 anos do notici\u00e1rio. Cinco cidad\u00e3os poder\u00e3o acompanhar a grava\u00e7\u00e3o.<\/p>\n<p>Em comemora\u00e7\u00e3o dos 90 anos do programa A Voz do Brasil, o Jornal C\u00e2mara dos Deputados \u2014 que ocupa os \u00faltimos 20 minutos do hist\u00f3rico notici\u00e1rio \u2014 ser\u00e1 gravado nos est\u00fadios de cinco emissoras da Rede Legislativa de R\u00e1dio.<br \/>\nAs grava\u00e7\u00f5es acontecer\u00e3o nos est\u00fadios das seguintes emissoras:<\/p>\n<p>&#8211; Dia 22\/08, R\u00e1dio C\u00e2mara Bauru (SP);<br \/>\n&#8211; Dia 05\/09, R\u00e1dio C\u00e2mara BC, de Balne\u00e1rio Cambori\u00fa (SC);<br \/>\n&#8211; Dia 19\/09, R\u00e1dio ALMT, de Cuiab\u00e1 (MT);<br \/>\n&#8211; Dia 03\/10, R\u00e1dio C\u00e2mara Manaus (AM);<br \/>\n&#8211; Dia 17\/10, R\u00e1dio C\u00e2mara Jo\u00e3o Pessoa (PB).<\/p>\n<p>Em uma parceria in\u00e9dita, um \u00e2ncora da R\u00e1dio C\u00e2mara de Bras\u00edlia e um \u00e2ncora da r\u00e1dio local v\u00e3o apresentar, lado a lado, as principais not\u00edcias do Poder Legislativo.<br \/>\nAl\u00e9m disso, cinco cidad\u00e3os de cada cidade participante poder\u00e3o acompanhar a grava\u00e7\u00e3o presencialmente, dentro dos est\u00fadios. Para participar, \u00e9 preciso seguir o perfil @radiocamara no Instagram e comentar na postagem com os detalhes do concurso, que ser\u00e1 publicada na semana de cada grava\u00e7\u00e3o.<\/p>\n","protected":false},"excerpt":{"rendered":"<p>Parceria in\u00e9dita com emissoras da Rede Legislativa de R\u00e1dio celebra os 90 anos do notici\u00e1rio. Cinco cidad\u00e3os poder\u00e3o acompanhar a grava\u00e7\u00e3o. Em comemora\u00e7\u00e3o dos 90 anos do programa A Voz do Brasil, o Jornal C\u00e2mara dos Deputados \u2014 que ocupa os \u00faltimos 20 minutos do hist\u00f3rico notici\u00e1rio \u2014 ser\u00e1 gravado nos est\u00fadios de cinco emissoras [&hellip;]<\/p>\n","protected":false},"author":2,"featured_media":30744,"comment_status":"open","ping_status":"open","sticky":false,"template":"","format":"standard","meta":{"footnotes":""},"categories":[61],"tags":[],"_links":{"self":[{"href":"https:\/\/sabuguinho.com.br\/site\/wp-json\/wp\/v2\/posts\/30741"}],"collection":[{"href":"https:\/\/sabuguinho.com.br\/site\/wp-json\/wp\/v2\/posts"}],"about":[{"href":"https:\/\/sabuguinho.com.br\/site\/wp-json\/wp\/v2\/types\/post"}],"author":[{"embeddable":true,"href":"https:\/\/sabuguinho.com.br\/site\/wp-json\/wp\/v2\/users\/2"}],"replies":[{"embeddable":true,"href":"https:\/\/sabuguinho.com.br\/site\/wp-json\/wp\/v2\/comments?post=30741"}],"version-history":[{"count":1,"href":"https:\/\/sabuguinho.com.br\/site\/wp-json\/wp\/v2\/posts\/30741\/revisions"}],"predecessor-version":[{"id":30745,"href":"https:\/\/sabuguinho.com.br\/site\/wp-json\/wp\/v2\/posts\/30741\/revisions\/30745"}],"wp:featuredmedia":[{"embeddable":true,"href":"https:\/\/sabuguinho.com.br\/site\/wp-json\/wp\/v2\/media\/30744"}],"wp:attachment":[{"href":"https:\/\/sabuguinho.com.br\/site\/wp-json\/wp\/v2\/media?parent=30741"}],"wp:term":[{"taxonomy":"category","embeddable":true,"href":"https:\/\/sabuguinho.com.br\/site\/wp-json\/wp\/v2\/categories?post=30741"},{"taxonomy":"post_tag","embeddable":true,"href":"https:\/\/sabuguinho.com.br\/site\/wp-json\/wp\/v2\/tags?post=30741"}],"curies":[{"name":"wp","href":"https:\/\/api.w.org\/{rel}","templated":true}]}}