{"id":30704,"date":"2025-08-19T17:21:56","date_gmt":"2025-08-19T20:21:56","guid":{"rendered":"https:\/\/sabuguinho.com.br\/site\/?p=30704"},"modified":"2025-08-19T17:21:56","modified_gmt":"2025-08-19T20:21:56","slug":"xiv-congrebio-reune-estudantes-pesquisadores-e-profissionais-para-tres-dias-de-ciencia-e-troca-de-conhecimentos","status":"publish","type":"post","link":"https:\/\/sabuguinho.com.br\/site\/xiv-congrebio-reune-estudantes-pesquisadores-e-profissionais-para-tres-dias-de-ciencia-e-troca-de-conhecimentos\/","title":{"rendered":"XIV Congrebio re\u00fane estudantes, pesquisadores e profissionais para tr\u00eas dias de ci\u00eancia e troca de conhecimentos"},"content":{"rendered":"<p>Evento integra diferentes \u00e1reas das Bioci\u00eancias em uma programa\u00e7\u00e3o multidisciplinar que estimula a forma\u00e7\u00e3o, o di\u00e1logo e a inova\u00e7\u00e3o<\/p>\n<p>O XIV Congresso de Bioci\u00eancias (Congrebio) est\u00e1 movimentando o Instituto de Bioci\u00eancias da Unesp de Botucatu (IBB\/Unesp) entre os dias 18 e 20 de agosto, no Espa\u00e7o IB Eventos. Realizado h\u00e1 mais de 30 anos, o evento se consolidou como um dos principais f\u00f3runs de discuss\u00e3o e forma\u00e7\u00e3o complementar na \u00e1rea, reunindo estudantes de gradua\u00e7\u00e3o e p\u00f3s-gradua\u00e7\u00e3o, pesquisadores, profissionais e demais interessados nas diferentes \u00e1reas das Bioci\u00eancias.<br \/>\nCom uma programa\u00e7\u00e3o diversificada e atual, o congresso conta com cerca de 20 palestrantes, al\u00e9m de mesas-redondas, minicursos que aliam teoria e pr\u00e1tica, e apresenta\u00e7\u00f5es de trabalhos cient\u00edficos nas modalidades oral e p\u00f4ster. Todas as atividades s\u00e3o avaliadas por uma comiss\u00e3o formada por docentes e p\u00f3s-graduandos do IBB, refor\u00e7ando o car\u00e1ter formativo do evento.<\/p>\n<p>Abertura oficial<\/p>\n<p>A mesa de abertura foi composta por docentes e representantes do Instituto, refor\u00e7ando o car\u00e1ter institucional e a integra\u00e7\u00e3o entre diferentes \u00e1reas de ensino e pesquisa. Participaram:<br \/>\nProf. Dr. W\u00edlson de Mello J\u00fanior, professor associado do Departamento de Biologia Estrutural e Funcional e coordenador do curso de gradua\u00e7\u00e3o em Ci\u00eancias Biol\u00f3gicas do IBB\/Unesp;<br \/>\nProf. Dr. Wellerson Rodrigo Scarano, delegado titular do Conselho Regional de Biomedicina 1\u00aa Regi\u00e3o e coordenador do curso de Ci\u00eancias Biom\u00e9dicas da Unesp Botucatu;<br \/>\nProfa. Dra. Daniela Renata Cantane, professora assistente doutora do IBB\/Unesp, credenciada no Programa de P\u00f3s-Gradua\u00e7\u00e3o em Biometria e coordenadora do curso de F\u00edsica M\u00e9dica do Instituto;<br \/>\nProfa. Dra. Fl\u00e1via Queiroga, professora assistente doutora do Departamento de Ci\u00eancias Humanas e Ci\u00eancias da Nutri\u00e7\u00e3o e Alimenta\u00e7\u00e3o, e coordenadora do curso de Nutri\u00e7\u00e3o do IBB\/Unesp;<br \/>\nProfa. Dra. Ana Carolina Inhaz Kiss, docente do Departamento de Biologia Estrutural e Funcional e representante do corpo docente no Congrebio;<br \/>\nJairo, servidor do IBB\/Unesp desde 2011, supervisor da Se\u00e7\u00e3o T\u00e9cnica de Apoio ao Ensino, Pesquisa e Extens\u00e3o (Staepe) desde 2017.<br \/>\nA abertura tamb\u00e9m foi marcada pela palestra de Katiucia Batista da Silva Paiva, docente do Instituto de Ci\u00eancias Biom\u00e9dicas da USP (ICB-USP), que abordou a biofabrica\u00e7\u00e3o de micro tecido \u00f3sseo e suas aplica\u00e7\u00f5es em pesquisa e inova\u00e7\u00e3o em sa\u00fade. O tema exemplifica o perfil multidisciplinar do evento, que ao longo de tr\u00eas dias promove o di\u00e1logo entre diferentes \u00e1reas do conhecimento, estimulando o pensamento cr\u00edtico e a atualiza\u00e7\u00e3o cient\u00edfica.<br \/>\nMais informa\u00e7\u00f5es sobre a programa\u00e7\u00e3o est\u00e3o dispon\u00edveis no site oficial do evento: www.congrebio.com.br<\/p>\n<p><img loading=\"lazy\" decoding=\"async\" src=\"https:\/\/sabuguinho.com.br\/site\/wp-content\/uploads\/2025\/08\/XIV-Congrebio-IBB-113x150.jpg\" alt=\"\" width=\"113\" height=\"150\" class=\"alignnone size-medium wp-image-30705\" srcset=\"https:\/\/sabuguinho.com.br\/site\/wp-content\/uploads\/2025\/08\/XIV-Congrebio-IBB-113x150.jpg 113w, https:\/\/sabuguinho.com.br\/site\/wp-content\/uploads\/2025\/08\/XIV-Congrebio-IBB-384x512.jpg 384w, https:\/\/sabuguinho.com.br\/site\/wp-content\/uploads\/2025\/08\/XIV-Congrebio-IBB-768x1024.jpg 768w, https:\/\/sabuguinho.com.br\/site\/wp-content\/uploads\/2025\/08\/XIV-Congrebio-IBB-1152x1536.jpg 1152w, https:\/\/sabuguinho.com.br\/site\/wp-content\/uploads\/2025\/08\/XIV-Congrebio-IBB-1536x2048.jpg 1536w, https:\/\/sabuguinho.com.br\/site\/wp-content\/uploads\/2025\/08\/XIV-Congrebio-IBB-750x1000.jpg 750w, https:\/\/sabuguinho.com.br\/site\/wp-content\/uploads\/2025\/08\/XIV-Congrebio-IBB-1140x1520.jpg 1140w, https:\/\/sabuguinho.com.br\/site\/wp-content\/uploads\/2025\/08\/XIV-Congrebio-IBB-scaled.jpg 1920w\" sizes=\"(max-width: 113px) 100vw, 113px\" \/><\/p>\n","protected":false},"excerpt":{"rendered":"<p>Evento integra diferentes \u00e1reas das Bioci\u00eancias em uma programa\u00e7\u00e3o multidisciplinar que estimula a forma\u00e7\u00e3o, o di\u00e1logo e a inova\u00e7\u00e3o O XIV Congresso de Bioci\u00eancias (Congrebio) est\u00e1 movimentando o Instituto de Bioci\u00eancias da Unesp de Botucatu (IBB\/Unesp) entre os dias 18 e 20 de agosto, no Espa\u00e7o IB Eventos. Realizado h\u00e1 mais de 30 anos, o [&hellip;]<\/p>\n","protected":false},"author":2,"featured_media":30706,"comment_status":"open","ping_status":"open","sticky":false,"template":"","format":"standard","meta":{"footnotes":""},"categories":[98],"tags":[],"_links":{"self":[{"href":"https:\/\/sabuguinho.com.br\/site\/wp-json\/wp\/v2\/posts\/30704"}],"collection":[{"href":"https:\/\/sabuguinho.com.br\/site\/wp-json\/wp\/v2\/posts"}],"about":[{"href":"https:\/\/sabuguinho.com.br\/site\/wp-json\/wp\/v2\/types\/post"}],"author":[{"embeddable":true,"href":"https:\/\/sabuguinho.com.br\/site\/wp-json\/wp\/v2\/users\/2"}],"replies":[{"embeddable":true,"href":"https:\/\/sabuguinho.com.br\/site\/wp-json\/wp\/v2\/comments?post=30704"}],"version-history":[{"count":1,"href":"https:\/\/sabuguinho.com.br\/site\/wp-json\/wp\/v2\/posts\/30704\/revisions"}],"predecessor-version":[{"id":30707,"href":"https:\/\/sabuguinho.com.br\/site\/wp-json\/wp\/v2\/posts\/30704\/revisions\/30707"}],"wp:featuredmedia":[{"embeddable":true,"href":"https:\/\/sabuguinho.com.br\/site\/wp-json\/wp\/v2\/media\/30706"}],"wp:attachment":[{"href":"https:\/\/sabuguinho.com.br\/site\/wp-json\/wp\/v2\/media?parent=30704"}],"wp:term":[{"taxonomy":"category","embeddable":true,"href":"https:\/\/sabuguinho.com.br\/site\/wp-json\/wp\/v2\/categories?post=30704"},{"taxonomy":"post_tag","embeddable":true,"href":"https:\/\/sabuguinho.com.br\/site\/wp-json\/wp\/v2\/tags?post=30704"}],"curies":[{"name":"wp","href":"https:\/\/api.w.org\/{rel}","templated":true}]}}