{"id":3069,"date":"2024-01-23T19:28:46","date_gmt":"2024-01-23T22:28:46","guid":{"rendered":"https:\/\/sabuguinho.com.br\/site\/?p=3069"},"modified":"2024-01-23T19:28:46","modified_gmt":"2024-01-23T22:28:46","slug":"janeiro-esta-passando-mais-mais-devagar-saiba-porque-algumas-pessoas-tem-essa-impressao","status":"publish","type":"post","link":"https:\/\/sabuguinho.com.br\/site\/janeiro-esta-passando-mais-mais-devagar-saiba-porque-algumas-pessoas-tem-essa-impressao\/","title":{"rendered":"Janeiro est\u00e1 passando mais mais devagar? Saiba porque algumas pessoas t\u00eam essa impress\u00e3o"},"content":{"rendered":"<p>Por Grupo LN de Comunica\u00e7\u00e3o<\/p>\n<p>Nesta semana, as redes sociais est\u00e3o sendo invadidas por memes sobre o questionament<br \/>\nMas ser\u00e1 mesmo que o tempo realmente est\u00e1 passando de uma forma mais lenta ou \u00e9 apenas impress\u00e3o coletiva das pessoas?<br \/>\nA percep\u00e7\u00e3o do tempo pode variar de pessoa para pessoa e tamb\u00e9m pode ser influenciada por uma variedade de fatores. N\u00e3o h\u00e1 consenso absoluto sobre se o tempo est\u00e1 passando mais lentamente ou se a sensa\u00e7\u00e3o de que isso est\u00e1 acontecendo \u00e9 apenas uma impress\u00e3o coletiva.<br \/>\nAlguns estudos sugerem que a percep\u00e7\u00e3o do tempo pode ser influenciada por diferentes atividades e experi\u00eancias. Por exemplo, quando estamos entusiasmados ou envolvidos em algo significativo, pode parecer que o tempo passa mais r\u00e1pido. Por outro lado, em situa\u00e7\u00f5es de t\u00e9dio ou ansiedade, o tempo pode parecer se arrastar.<br \/>\nH\u00e1 tamb\u00e9m a ideia de que a percep\u00e7\u00e3o do tempo pode mudar com a idade. Algumas pessoas relatam que o tempo parece passar mais r\u00e1pido \u00e0 medida que envelhecem, talvez devido \u00e0 familiaridade com rotinas e \u00e0 diminui\u00e7\u00e3o das experi\u00eancias novas e \u00fanicas.<br \/>\nE para voc\u00ea? Janeiro est\u00e1 passando r\u00e1pido ou devagar?<\/p>\n<p><img loading=\"lazy\" decoding=\"async\" src=\"https:\/\/sabuguinho.com.br\/site\/wp-content\/uploads\/2024\/01\/420820949_913504280136672_1029317996147002308_n-e1706030694503-150x137.jpg\" alt=\"\" width=\"150\" height=\"137\" class=\"alignnone size-medium wp-image-3070\" srcset=\"https:\/\/sabuguinho.com.br\/site\/wp-content\/uploads\/2024\/01\/420820949_913504280136672_1029317996147002308_n-e1706030694503-150x137.jpg 150w, https:\/\/sabuguinho.com.br\/site\/wp-content\/uploads\/2024\/01\/420820949_913504280136672_1029317996147002308_n-e1706030694503-512x466.jpg 512w, https:\/\/sabuguinho.com.br\/site\/wp-content\/uploads\/2024\/01\/420820949_913504280136672_1029317996147002308_n-e1706030694503-768x699.jpg 768w, https:\/\/sabuguinho.com.br\/site\/wp-content\/uploads\/2024\/01\/420820949_913504280136672_1029317996147002308_n-e1706030694503-750x683.jpg 750w, https:\/\/sabuguinho.com.br\/site\/wp-content\/uploads\/2024\/01\/420820949_913504280136672_1029317996147002308_n-e1706030694503.jpg 1115w\" sizes=\"auto, (max-width: 150px) 100vw, 150px\" \/><\/p>\n","protected":false},"excerpt":{"rendered":"<p>Por Grupo LN de Comunica\u00e7\u00e3o Nesta semana, as redes sociais est\u00e3o sendo invadidas por memes sobre o questionament Mas ser\u00e1 mesmo que o tempo realmente est\u00e1 passando de uma forma mais lenta ou \u00e9 apenas impress\u00e3o coletiva das pessoas? A percep\u00e7\u00e3o do tempo pode variar de pessoa para pessoa e tamb\u00e9m pode ser influenciada por [&hellip;]<\/p>\n","protected":false},"author":2,"featured_media":3071,"comment_status":"open","ping_status":"open","sticky":false,"template":"","format":"standard","meta":{"footnotes":""},"categories":[56],"tags":[],"class_list":["post-3069","post","type-post","status-publish","format-standard","has-post-thumbnail","hentry","category-social"],"_links":{"self":[{"href":"https:\/\/sabuguinho.com.br\/site\/wp-json\/wp\/v2\/posts\/3069","targetHints":{"allow":["GET"]}}],"collection":[{"href":"https:\/\/sabuguinho.com.br\/site\/wp-json\/wp\/v2\/posts"}],"about":[{"href":"https:\/\/sabuguinho.com.br\/site\/wp-json\/wp\/v2\/types\/post"}],"author":[{"embeddable":true,"href":"https:\/\/sabuguinho.com.br\/site\/wp-json\/wp\/v2\/users\/2"}],"replies":[{"embeddable":true,"href":"https:\/\/sabuguinho.com.br\/site\/wp-json\/wp\/v2\/comments?post=3069"}],"version-history":[{"count":1,"href":"https:\/\/sabuguinho.com.br\/site\/wp-json\/wp\/v2\/posts\/3069\/revisions"}],"predecessor-version":[{"id":3072,"href":"https:\/\/sabuguinho.com.br\/site\/wp-json\/wp\/v2\/posts\/3069\/revisions\/3072"}],"wp:featuredmedia":[{"embeddable":true,"href":"https:\/\/sabuguinho.com.br\/site\/wp-json\/wp\/v2\/media\/3071"}],"wp:attachment":[{"href":"https:\/\/sabuguinho.com.br\/site\/wp-json\/wp\/v2\/media?parent=3069"}],"wp:term":[{"taxonomy":"category","embeddable":true,"href":"https:\/\/sabuguinho.com.br\/site\/wp-json\/wp\/v2\/categories?post=3069"},{"taxonomy":"post_tag","embeddable":true,"href":"https:\/\/sabuguinho.com.br\/site\/wp-json\/wp\/v2\/tags?post=3069"}],"curies":[{"name":"wp","href":"https:\/\/api.w.org\/{rel}","templated":true}]}}