{"id":30682,"date":"2025-08-19T15:09:09","date_gmt":"2025-08-19T18:09:09","guid":{"rendered":"https:\/\/sabuguinho.com.br\/site\/?p=30682"},"modified":"2025-08-19T15:09:09","modified_gmt":"2025-08-19T18:09:09","slug":"vereador-critica-oposicao-e-cpi-da-merenda-em-discurso-inflamado-na-camara-de-avare-parece-uma-cpi-protocolada-com-o-chat-gpt-esta-horrivel","status":"publish","type":"post","link":"https:\/\/sabuguinho.com.br\/site\/vereador-critica-oposicao-e-cpi-da-merenda-em-discurso-inflamado-na-camara-de-avare-parece-uma-cpi-protocolada-com-o-chat-gpt-esta-horrivel\/","title":{"rendered":"VEREADOR CRITICA OPOSI\u00c7\u00c3O E CPI DA MERENDA EM DISCURSO INFLAMADO NA C\u00c2MARA DE AVAR\u00c9: \u201cPARECE UMA CPI PROTOCOLADA COM O CHAT GPT. EST\u00c1 HORR\u00cdVEL\u201d"},"content":{"rendered":"<p>Em sess\u00e3o da C\u00e2mara Municipal de Avar\u00e9 realizada na segunda-feira (18), o vereador Pedro Fusco (PL), l\u00edder do prefeito Roberto Ara\u00fajo, fez um pronunciamento contundente criticando vereadores da oposi\u00e7\u00e3o e a CPI da Merenda, rec\u00e9m-instaurada no legislativo. Em seu discurso, Fusco defendeu a gest\u00e3o municipal e atribuiu problemas na merenda escolar \u00e0 empresa terceirizada S\u00f3lida.<br \/>\nFusco iniciou seu discurso destacando que a alimenta\u00e7\u00e3o escolar j\u00e1 est\u00e1 normalizada no munic\u00edpio. \u201cComo voc\u00eas podem ter percebido, a alimenta\u00e7\u00e3o est\u00e1 restabelecida no munic\u00edpio de Avar\u00e9\u201d. No entanto, criticou a atitude de alguns parlamentares. \u201c\u00c9 muito f\u00e1cil voc\u00ea tirar foto, estar do lado do prefeito, do secret\u00e1rio, quando tudo est\u00e1 bem. Quero ver quando tudo est\u00e1 ruim\u201d.<br \/>\nO vereador fez uma defesa enf\u00e1tica da atua\u00e7\u00e3o do prefeito Roberto Ara\u00fajo e do secret\u00e1rio de Educa\u00e7\u00e3o, C\u00e9sar Oliveira, durante a crise. \u201cAqui n\u00f3s n\u00e3o temos medo, n\u00e3o. N\u00f3s n\u00e3o se escondemos. Eu sou o l\u00edder do prefeito e nunca vou me acovardar. Vou estar do lado dele, na frente com ele, no front, defendendo as injusti\u00e7as que a gente vem passando\u201d.<br \/>\nSobre a empresa respons\u00e1vel pela merenda, Fusco foi categ\u00f3rico. \u201cA empresa S\u00f3lida falhou. A empresa S\u00f3lida tinha que fazer a transi\u00e7\u00e3o com a outra empresa, que \u00e9 o que voc\u00ea espera de uma empresa \u00e9tica, de uma empresa consolidada, e ela n\u00e3o fez. Ela foi l\u00e1 e retirou os alimentos\u201d.<br \/>\nO parlamentar tamb\u00e9m teceu duras cr\u00edticas \u00e0 CPI da Merenda, instaurada pela oposi\u00e7\u00e3o. \u201cEu n\u00e3o entendo uma CPI, se j\u00e1 tem uma den\u00fancia no Minist\u00e9rio P\u00fablico e uma conclus\u00e3o de uma CPI vai ser mostrar as coisas para o Minist\u00e9rio P\u00fablico, essa CPI nasce morta\u201d. Ele chegou a comparar o documento de instaura\u00e7\u00e3o da CPI com texto gerado por intelig\u00eancia artificial: \u201cParece uma CPI protocolada com o chat GPT. Est\u00e1 horr\u00edvel\u201d.<br \/>\nEm tom desafiador, Fusco direcionou cr\u00edticas a vereadores da oposi\u00e7\u00e3o. \u201cTem gente que n\u00e3o consegue nem olhar para a gente. Est\u00e1 tremendo. N\u00e3o tem hombridade, coragem de subir aqui e enfrentar voc\u00eas. Pipoqueiro. Esse que \u00e9 o nome que voc\u00ea d\u00e1 a pessoas assim\u201d.<br \/>\nO discurso do l\u00edder do governo na C\u00e2mara exp\u00f5e a tens\u00e3o pol\u00edtica em torno da quest\u00e3o da merenda escolar e revela o acirramento dos \u00e2nimos entre situa\u00e7\u00e3o e oposi\u00e7\u00e3o no legislativo avareense. A CPI da Merenda promete ser o pr\u00f3ximo cap\u00edtulo desse embate pol\u00edtico que divide a C\u00e2mara Municipal.<\/p>\n<p>ENTENDA \u2013 Na noite de quarta-feira (13), a cidade de Avar\u00e9 foi surpreendida pela a\u00e7\u00e3o da empresa respons\u00e1vel pelo fornecimento da merenda escolar, que retirou equipamentos e alimentos das unidades de ensino sem comunicar previamente a Prefeitura ou a Secretaria Municipal de Educa\u00e7\u00e3o. A medida causou desabastecimento nas escolas e deixou os alunos sem merenda na quinta-feira (14), gerando apreens\u00e3o entre pais e respons\u00e1veis.<br \/>\nEm nota, a S\u00f3lida Nutri\u00e7\u00e3o afirmou que agiu conforme a determina\u00e7\u00e3o da Prefeitura, que encerrou o contrato antecipadamente e comunicou a substitui\u00e7\u00e3o por outra empresa a partir de 14\/08\/2025. A empresa disse ter sido surpreendida pela decis\u00e3o.<br \/>\nJ\u00e1 a Konserv, que assumiu o fornecimento, divulgou comunicado assegurando que todos os colaboradores ser\u00e3o mantidos, com direitos preservados.<\/p>\n","protected":false},"excerpt":{"rendered":"<p>Em sess\u00e3o da C\u00e2mara Municipal de Avar\u00e9 realizada na segunda-feira (18), o vereador Pedro Fusco (PL), l\u00edder do prefeito Roberto Ara\u00fajo, fez um pronunciamento contundente criticando vereadores da oposi\u00e7\u00e3o e a CPI da Merenda, rec\u00e9m-instaurada no legislativo. Em seu discurso, Fusco defendeu a gest\u00e3o municipal e atribuiu problemas na merenda escolar \u00e0 empresa terceirizada S\u00f3lida. [&hellip;]<\/p>\n","protected":false},"author":2,"featured_media":30683,"comment_status":"open","ping_status":"open","sticky":false,"template":"","format":"standard","meta":{"footnotes":""},"categories":[58],"tags":[],"_links":{"self":[{"href":"https:\/\/sabuguinho.com.br\/site\/wp-json\/wp\/v2\/posts\/30682"}],"collection":[{"href":"https:\/\/sabuguinho.com.br\/site\/wp-json\/wp\/v2\/posts"}],"about":[{"href":"https:\/\/sabuguinho.com.br\/site\/wp-json\/wp\/v2\/types\/post"}],"author":[{"embeddable":true,"href":"https:\/\/sabuguinho.com.br\/site\/wp-json\/wp\/v2\/users\/2"}],"replies":[{"embeddable":true,"href":"https:\/\/sabuguinho.com.br\/site\/wp-json\/wp\/v2\/comments?post=30682"}],"version-history":[{"count":1,"href":"https:\/\/sabuguinho.com.br\/site\/wp-json\/wp\/v2\/posts\/30682\/revisions"}],"predecessor-version":[{"id":30684,"href":"https:\/\/sabuguinho.com.br\/site\/wp-json\/wp\/v2\/posts\/30682\/revisions\/30684"}],"wp:featuredmedia":[{"embeddable":true,"href":"https:\/\/sabuguinho.com.br\/site\/wp-json\/wp\/v2\/media\/30683"}],"wp:attachment":[{"href":"https:\/\/sabuguinho.com.br\/site\/wp-json\/wp\/v2\/media?parent=30682"}],"wp:term":[{"taxonomy":"category","embeddable":true,"href":"https:\/\/sabuguinho.com.br\/site\/wp-json\/wp\/v2\/categories?post=30682"},{"taxonomy":"post_tag","embeddable":true,"href":"https:\/\/sabuguinho.com.br\/site\/wp-json\/wp\/v2\/tags?post=30682"}],"curies":[{"name":"wp","href":"https:\/\/api.w.org\/{rel}","templated":true}]}}