{"id":30652,"date":"2025-08-19T11:15:09","date_gmt":"2025-08-19T14:15:09","guid":{"rendered":"https:\/\/sabuguinho.com.br\/site\/?p=30652"},"modified":"2025-08-19T11:15:09","modified_gmt":"2025-08-19T14:15:09","slug":"prefeitura-de-avare-comemora-lancamento-de-novo-residencial-em-parceria-com-a-pacaembu","status":"publish","type":"post","link":"https:\/\/sabuguinho.com.br\/site\/prefeitura-de-avare-comemora-lancamento-de-novo-residencial-em-parceria-com-a-pacaembu\/","title":{"rendered":"PREFEITURA DE AVAR\u00c9 COMEMORA LAN\u00c7AMENTO DE NOVO RESIDENCIAL EM PARCERIA COM A PACAEMBU"},"content":{"rendered":"<p>Em uma cerim\u00f4nia realizada na Ordem dos Advogados do Brasil (OAB) de Avar\u00e9, o prefeito Roberto Araujo participou do lan\u00e7amento do Residencial Vida Nova S\u00e3o Rog\u00e9rio 3. O novo empreendimento da construtora Pacaembu \u00e9 uma expans\u00e3o dos bairros j\u00e1 existentes e contar\u00e1 com 619 casas.<br \/>\nO evento, que ocorreu no dia 14 de agosto, marcou o in\u00edcio da realiza\u00e7\u00e3o do sonho da casa pr\u00f3pria para centenas de fam\u00edlias. \u201cHoje foi dado o pontap\u00e9 inicial para a realiza\u00e7\u00e3o do sonho da casa pr\u00f3pria\u201d, celebrou o prefeito Roberto Araujo. Ele tamb\u00e9m destacou a import\u00e2ncia da parceria entre a prefeitura e a construtora para o desenvolvimento da cidade.<br \/>\nO prefeito Roberto Araujo ressaltou ainda que o projeto est\u00e1 alinhado com as metas de seu governo. \u201cSomando essa conquista a outras j\u00e1 obtidas pelo nosso governo, vamos atingir o compromisso assumido em nossa campanha, que \u00e9 entregar uma casa por dia durante nossa gest\u00e3o\u201d, afirmou.<br \/>\nO novo residencial ser\u00e1 negociado pelo programa Minha Casa, Minha Vida, com financiamento pela Caixa Econ\u00f4mica Federal. As unidades s\u00e3o destinadas a fam\u00edlias com renda a partir de R$ 2 mil. Cada casa ter\u00e1 44 metros quadrados de \u00e1rea constru\u00edda em terrenos de 160 metros quadrados, permitindo futuras amplia\u00e7\u00f5es.<br \/>\nCom um investimento de mais de R$ 116 milh\u00f5es, a obra tem previs\u00e3o de entrega em 24 meses e dever\u00e1 gerar aproximadamente 2 mil empregos diretos e indiretos, segundo a Pacaembu. Mais da metade das unidades j\u00e1 foram comercializadas.<br \/>\nO bairro foi planejado com infraestrutura e \u00e1reas de lazer, incluindo mais de 141 mil metros quadrados de \u00e1reas verdes e 18 mil metros quadrados de espa\u00e7os para academia ao ar livre, quadra poliesportiva, playground, \u00e1rea de conviv\u00eancia e piquenique.<br \/>\nA solenidade contou com a presen\u00e7a de diversas autoridades, como o secret\u00e1rio de Planejamento e Obras, Callado, a secret\u00e1ria de Habita\u00e7\u00e3o, Alaide, o vereador Dr. Pedro Fusco, o presidente da OAB de Avar\u00e9, Dr. Marcos C\u00e9sar Rodrigues, e o diretor de Neg\u00f3cios da Pacaembu, Fred Escobar.<br \/>\nPara mais informa\u00e7\u00f5es sobre o empreendimento, os interessados podem acessar o site www.pacaembu.com ou visitar a loja da Pacaembu, localizada na Rua Pernambuco, n\u00ba 1345, no centro de Avar\u00e9.<\/p>\n","protected":false},"excerpt":{"rendered":"<p>Em uma cerim\u00f4nia realizada na Ordem dos Advogados do Brasil (OAB) de Avar\u00e9, o prefeito Roberto Araujo participou do lan\u00e7amento do Residencial Vida Nova S\u00e3o Rog\u00e9rio 3. O novo empreendimento da construtora Pacaembu \u00e9 uma expans\u00e3o dos bairros j\u00e1 existentes e contar\u00e1 com 619 casas. O evento, que ocorreu no dia 14 de agosto, marcou [&hellip;]<\/p>\n","protected":false},"author":2,"featured_media":30653,"comment_status":"open","ping_status":"open","sticky":false,"template":"","format":"standard","meta":{"footnotes":""},"categories":[58],"tags":[],"_links":{"self":[{"href":"https:\/\/sabuguinho.com.br\/site\/wp-json\/wp\/v2\/posts\/30652"}],"collection":[{"href":"https:\/\/sabuguinho.com.br\/site\/wp-json\/wp\/v2\/posts"}],"about":[{"href":"https:\/\/sabuguinho.com.br\/site\/wp-json\/wp\/v2\/types\/post"}],"author":[{"embeddable":true,"href":"https:\/\/sabuguinho.com.br\/site\/wp-json\/wp\/v2\/users\/2"}],"replies":[{"embeddable":true,"href":"https:\/\/sabuguinho.com.br\/site\/wp-json\/wp\/v2\/comments?post=30652"}],"version-history":[{"count":1,"href":"https:\/\/sabuguinho.com.br\/site\/wp-json\/wp\/v2\/posts\/30652\/revisions"}],"predecessor-version":[{"id":30654,"href":"https:\/\/sabuguinho.com.br\/site\/wp-json\/wp\/v2\/posts\/30652\/revisions\/30654"}],"wp:featuredmedia":[{"embeddable":true,"href":"https:\/\/sabuguinho.com.br\/site\/wp-json\/wp\/v2\/media\/30653"}],"wp:attachment":[{"href":"https:\/\/sabuguinho.com.br\/site\/wp-json\/wp\/v2\/media?parent=30652"}],"wp:term":[{"taxonomy":"category","embeddable":true,"href":"https:\/\/sabuguinho.com.br\/site\/wp-json\/wp\/v2\/categories?post=30652"},{"taxonomy":"post_tag","embeddable":true,"href":"https:\/\/sabuguinho.com.br\/site\/wp-json\/wp\/v2\/tags?post=30652"}],"curies":[{"name":"wp","href":"https:\/\/api.w.org\/{rel}","templated":true}]}}