{"id":30645,"date":"2025-08-19T10:23:20","date_gmt":"2025-08-19T13:23:20","guid":{"rendered":"https:\/\/sabuguinho.com.br\/site\/?p=30645"},"modified":"2025-08-19T10:23:20","modified_gmt":"2025-08-19T13:23:20","slug":"canada-helinho-garcia-comemora-titulo-como-tecnico-da-selecao-sub-23","status":"publish","type":"post","link":"https:\/\/sabuguinho.com.br\/site\/canada-helinho-garcia-comemora-titulo-como-tecnico-da-selecao-sub-23\/","title":{"rendered":"Canad\u00e1 &#8211; Helinho Garcia comemora t\u00edtulo como t\u00e9cnico da sele\u00e7\u00e3o sub-23"},"content":{"rendered":"<p>O t\u00e9cnico Helinho Garcia comandou a sele\u00e7\u00e3o brasileira sub-23 de basquete rumo ao t\u00edtulo do Globl Jam, torneio realizado em Toronto, no Canad\u00e1. Na final, nesse domingo, 17, o Brasil venceu os Estados Unidos por 77 a 73. A equipe americana foi representada pela Universidade de Georgetown.<br \/>\nNo \u00faltimo per\u00edodo, os brasileiros tomaram o controle do jogo. Durante o torneio, a sele\u00e7\u00e3o venceu o Canad\u00e1 e o Jap\u00e3o na fase de grupos, mas perdeu para os Estados Unidos por 76 a 74 no \u00faltimo jogo da fase inicial. Neste domingo, a revanche veio com a vit\u00f3ria.<br \/>\nHelinho compartilhou um v\u00eddeo nas redes sociais, celebrando com os jogadores o trof\u00e9u logo ap\u00f3s a premia\u00e7\u00e3o. \u201c\u00c9 nosso! Ganhamos de novo, \u00e9 campe\u00e3o\u201d, diz o treinador.<br \/>\nAl\u00e9m de Helinho, do Sesi Franca, a equipe brasileira contou com o ala-piv\u00f4 Nathan Mariano, campe\u00e3o do NBB (Novo Basquete Brasil) com o time francano este ano; Eduardo Klafke, do Ole Miss (EUA) e tamb\u00e9m formado no Franca; e Pablo Costa, ex-auxiliar de Helinho no Sesi Franca e agora t\u00e9cnico da Unifacisa.<\/p>\n<p>Gabriel Landeira, ala-armador do Paulistano, foi eleito o MVP do torneio no Canad\u00e1.<\/p>\n<p>Este foi o segundo t\u00edtulo da competi\u00e7\u00e3o para o Brasil. Em 2022, a sele\u00e7\u00e3o j\u00e1 havia vencido o torneio, tamb\u00e9m contra uma universidade americana, sob o comando de Tiago Splitter.<\/p>\n","protected":false},"excerpt":{"rendered":"<p>O t\u00e9cnico Helinho Garcia comandou a sele\u00e7\u00e3o brasileira sub-23 de basquete rumo ao t\u00edtulo do Globl Jam, torneio realizado em Toronto, no Canad\u00e1. Na final, nesse domingo, 17, o Brasil venceu os Estados Unidos por 77 a 73. A equipe americana foi representada pela Universidade de Georgetown. No \u00faltimo per\u00edodo, os brasileiros tomaram o controle [&hellip;]<\/p>\n","protected":false},"author":2,"featured_media":30646,"comment_status":"open","ping_status":"open","sticky":false,"template":"","format":"standard","meta":{"footnotes":""},"categories":[45],"tags":[],"_links":{"self":[{"href":"https:\/\/sabuguinho.com.br\/site\/wp-json\/wp\/v2\/posts\/30645"}],"collection":[{"href":"https:\/\/sabuguinho.com.br\/site\/wp-json\/wp\/v2\/posts"}],"about":[{"href":"https:\/\/sabuguinho.com.br\/site\/wp-json\/wp\/v2\/types\/post"}],"author":[{"embeddable":true,"href":"https:\/\/sabuguinho.com.br\/site\/wp-json\/wp\/v2\/users\/2"}],"replies":[{"embeddable":true,"href":"https:\/\/sabuguinho.com.br\/site\/wp-json\/wp\/v2\/comments?post=30645"}],"version-history":[{"count":1,"href":"https:\/\/sabuguinho.com.br\/site\/wp-json\/wp\/v2\/posts\/30645\/revisions"}],"predecessor-version":[{"id":30647,"href":"https:\/\/sabuguinho.com.br\/site\/wp-json\/wp\/v2\/posts\/30645\/revisions\/30647"}],"wp:featuredmedia":[{"embeddable":true,"href":"https:\/\/sabuguinho.com.br\/site\/wp-json\/wp\/v2\/media\/30646"}],"wp:attachment":[{"href":"https:\/\/sabuguinho.com.br\/site\/wp-json\/wp\/v2\/media?parent=30645"}],"wp:term":[{"taxonomy":"category","embeddable":true,"href":"https:\/\/sabuguinho.com.br\/site\/wp-json\/wp\/v2\/categories?post=30645"},{"taxonomy":"post_tag","embeddable":true,"href":"https:\/\/sabuguinho.com.br\/site\/wp-json\/wp\/v2\/tags?post=30645"}],"curies":[{"name":"wp","href":"https:\/\/api.w.org\/{rel}","templated":true}]}}