{"id":30606,"date":"2025-08-18T17:15:01","date_gmt":"2025-08-18T20:15:01","guid":{"rendered":"https:\/\/sabuguinho.com.br\/site\/?p=30606"},"modified":"2025-08-18T17:15:01","modified_gmt":"2025-08-18T20:15:01","slug":"2a-edicao-da-flib-acontece-em-setembro-na-unesp-botucatu-campus-de-rubiao-junior","status":"publish","type":"post","link":"https:\/\/sabuguinho.com.br\/site\/2a-edicao-da-flib-acontece-em-setembro-na-unesp-botucatu-campus-de-rubiao-junior\/","title":{"rendered":"2\u00aa edi\u00e7\u00e3o da FLIB acontece em setembro na Unesp Botucatu &#8211; Campus de Rubi\u00e3o J\u00fanior"},"content":{"rendered":"<p>Com o slogan &#8220;Literatura, democracia e sustentabilidade&#8221;, evento re\u00fane autores premiados, m\u00fasica, conta\u00e7\u00e3o de hist\u00f3rias, oficinas e muitas novidades para o p\u00fablico<br \/>\nDe 09 a 12 de setembro, a Unesp de Botucatu \u2013 Campus Rubi\u00e3o J\u00fanior \u2013 ser\u00e1 novamente palco de uma jornada liter\u00e1ria repleta de conhecimento, arte e cultura. A 2\u00aa edi\u00e7\u00e3o da Feira Liter\u00e1ria de Botucatu (FLIB) promete encantar o p\u00fablico com uma programa\u00e7\u00e3o diversificada, reunindo autores consagrados, membros da Academia Botucatuense de Letras (ABL), atra\u00e7\u00f5es musicais, livreiros, oficinas e novidades para quem ama o universo dos livros. O evento ser\u00e1 realizado em uma tenda no gramado da biblioteca do campus.<br \/>\nO idealizador da Feira, diretor da Faculdade de Medicina de Botucatu (FMB) e presidente do Grupo Administrativo do Campus (GAC), Professor Dr. Carlos Magno Fortaleza, ressalta que o evento \u00e9 gratuito e aberto a toda a comunidade. &#8220;Queremos que a FLIB seja um evento democr\u00e1tico, para todos. Nada mais importante do que incluir a FLIB na Agenda Cultural da cidade para celebrar a leitura&#8221;, ressalta.<br \/>\n&#8220;A FLIB \u00e9 um ponto de encontro essencial para os amantes da literatura, oferecendo espa\u00e7o para estudantes, professores, autores e leitores compartilharem o saber e celebrarem o mundo dos livros&#8221;, explica a bibliotec\u00e1ria e integrante da Comiss\u00e3o Organizadora da FLIB, Darcila Bozoni.<br \/>\nO evento contar\u00e1 com a presen\u00e7a da Livraria UNESP M\u00f3vel, Editora Unesp, Livraria do Campus, Sebo Avalon, Livrariazinha Giramundo, entre outras livrarias de Botucatu, que comercializar\u00e3o livros dos mais variados g\u00eaneros.<br \/>\nNo local, tamb\u00e9m haver\u00e1 uma diversificada Pra\u00e7a de Alimenta\u00e7\u00e3o com food trucks, oferecendo op\u00e7\u00f5es gastron\u00f4micas para gostos diversos. Entre um bate-papo liter\u00e1rio e uma sess\u00e3o de aut\u00f3grafos, o p\u00fablico poder\u00e1 aproveitar para fazer uma pausa, desfrutando de momentos de conviv\u00eancia e tornando a experi\u00eancia na FLIB ainda mais agrad\u00e1vel e acolhedora.<br \/>\nO evento busca consolidar-se no calend\u00e1rio anual das feiras liter\u00e1rias do Brasil, trazendo uma programa\u00e7\u00e3o rica e diversificada, sempre com o livro no centro das aten\u00e7\u00f5es.<\/p>\n<p>Atra\u00e7\u00f5es musicais<\/p>\n<p>A programa\u00e7\u00e3o musical contar\u00e1 com apresenta\u00e7\u00f5es de destaque. A Banda Para Sempre trar\u00e1 um repert\u00f3rio repleto de cl\u00e1ssicos do rock, jazz e MPB. J\u00e1 o Grupo Abayomi, formado exclusivamente por pessoas com defici\u00eancia, apresentar\u00e1 um espet\u00e1culo que vai al\u00e9m da dan\u00e7a tradicional, explorando linguagens como dan\u00e7a contempor\u00e2nea, ballet cl\u00e1ssico, sapateado e percuss\u00e3o corporal. O grupo Moreiras da Silva levar\u00e1 ao palco o show &#8220;Deu Samba&#8221;, e a banda KOIFFA interpretar\u00e1 cl\u00e1ssicos do rock.<br \/>\nA Feira tamb\u00e9m contar\u00e1 com apresenta\u00e7\u00f5es da Orquestra de Viola e Viol\u00e3o do Instituto de Bioci\u00eancias de Botucatu (OVVIBB), a primeira da regi\u00e3o formada exclusivamente por violas e viol\u00f5es, que vem se destacando no cen\u00e1rio musical caipira.<\/p>\n<p>Autores confirmados<\/p>\n<p>Entre os nomes que estar\u00e3o presentes nesta edi\u00e7\u00e3o, destacam-se:<\/p>\n<p>Socorro Acioli \u2013 autora de 24 livros, entre romances, cr\u00f4nicas e obras infantojuvenis, e uma das vozes mais importantes da literatura brasileira contempor\u00e2nea.<br \/>\nNatalia Timerman \u2013 m\u00e9dica psiquiatra, escritora e pesquisadora, autora de Desterros, Rachaduras, Copo Vazio e As pequenas chances. Sua palestra ter\u00e1 como tema \u201cRelacionamentos em tempos de aplicativos e redes sociais\u201d.<br \/>\nMicheliny Verunschk \u2013 escritora e historiadora, vencedora dos pr\u00eamios Jabuti e Oceanos, autora de O som do rugido da on\u00e7a e Caminhando com os mortos.<br \/>\nGeni N\u00fa\u00f1ez \u2013 psic\u00f3loga, escritora e ativista ind\u00edgena, com a palestra \u201cReflorestamento do imagin\u00e1rio\u201d.<br \/>\nPatr\u00edcia Lima \u2013 vencedora do Pr\u00eamio Sesc de Literatura 2024 na categoria conto com A gl\u00f3ria dos corpos menores.<br \/>\nOficinas<br \/>\nO p\u00fablico poder\u00e1 participar de atividades pr\u00e1ticas e criativas, como a oficina \u201cComo fazer um mang\u00e1: guia criativo para iniciantes\u201d, conduzida pelo GAS \u2013 Grupo de Artes Sequenciais (Unesp\/Bauru); \u201cDi\u00e1logo com a Poesia\u201d, ministrada pelo poeta e escritor Osvaldir Reis, e \u201cOficina de escrita n\u00e3o criativa\u201d, oferecida pelo escritor, editor e artista Baga Defente. As inscri\u00e7\u00f5es s\u00e3o gratuitas e podem ser feitas pelos links na Bio do Instagram @fliboficial.<\/p>\n<p>Novidade da edi\u00e7\u00e3o<\/p>\n<p>Escritores da regi\u00e3o de Botucatu ter\u00e3o a oportunidade de expor e vender seus livros durante a feira, ampliando o espa\u00e7o para a literatura local. A colaboradora da Feira e diretora do Instituto de Bioci\u00eancias de Botucatu, professora Dra. Perc\u00edlia Cardoso Giaquinto, afirma que o evento \u201crefor\u00e7a a import\u00e2ncia da literatura na forma\u00e7\u00e3o cidad\u00e3 e no est\u00edmulo ao pensamento cr\u00edtico e \u00e9 um convite para que todas as pessoas se envolvam com a literatura e redescubram o prazer de ler, aprender e compartilhar hist\u00f3rias&#8221;.<br \/>\nJ\u00e1 a bibliotec\u00e1ria e integrante da Comiss\u00e3o Organizadora da FLIB, Luciana Pizzani, completa: &#8220;Tudo \u00e9 organizado para promover a cultura e proporcionar aos participantes uma experi\u00eancia especial e diversificada\u201d.<\/p>\n<p>Sobre a FLIB<\/p>\n<p>A FLIB \u00e9 um evento cultural voltado \u00e0 leitura \u00e9 de grande relev\u00e2ncia para a forma\u00e7\u00e3o pessoal e cultural da popula\u00e7\u00e3o de Botucatu e dos Campus da Unesp, pois ao promover o contato da comunidade com o ambiente liter\u00e1rio, propicia a propaga\u00e7\u00e3o do conhecimento e o est\u00edmulo \u00e0 leitura. Mais do que um evento, \u00e9 a promo\u00e7\u00e3o de ambientes culturais diversificados, que possibilitam a integra\u00e7\u00e3o entre a leitura e diversas formas de arte.E o melhor: o evento \u00e9 totalmente gratuito!<\/p>\n","protected":false},"excerpt":{"rendered":"<p>Com o slogan &#8220;Literatura, democracia e sustentabilidade&#8221;, evento re\u00fane autores premiados, m\u00fasica, conta\u00e7\u00e3o de hist\u00f3rias, oficinas e muitas novidades para o p\u00fablico De 09 a 12 de setembro, a Unesp de Botucatu \u2013 Campus Rubi\u00e3o J\u00fanior \u2013 ser\u00e1 novamente palco de uma jornada liter\u00e1ria repleta de conhecimento, arte e cultura. A 2\u00aa edi\u00e7\u00e3o da Feira [&hellip;]<\/p>\n","protected":false},"author":2,"featured_media":30607,"comment_status":"open","ping_status":"open","sticky":false,"template":"","format":"standard","meta":{"footnotes":""},"categories":[96],"tags":[],"_links":{"self":[{"href":"https:\/\/sabuguinho.com.br\/site\/wp-json\/wp\/v2\/posts\/30606"}],"collection":[{"href":"https:\/\/sabuguinho.com.br\/site\/wp-json\/wp\/v2\/posts"}],"about":[{"href":"https:\/\/sabuguinho.com.br\/site\/wp-json\/wp\/v2\/types\/post"}],"author":[{"embeddable":true,"href":"https:\/\/sabuguinho.com.br\/site\/wp-json\/wp\/v2\/users\/2"}],"replies":[{"embeddable":true,"href":"https:\/\/sabuguinho.com.br\/site\/wp-json\/wp\/v2\/comments?post=30606"}],"version-history":[{"count":1,"href":"https:\/\/sabuguinho.com.br\/site\/wp-json\/wp\/v2\/posts\/30606\/revisions"}],"predecessor-version":[{"id":30608,"href":"https:\/\/sabuguinho.com.br\/site\/wp-json\/wp\/v2\/posts\/30606\/revisions\/30608"}],"wp:featuredmedia":[{"embeddable":true,"href":"https:\/\/sabuguinho.com.br\/site\/wp-json\/wp\/v2\/media\/30607"}],"wp:attachment":[{"href":"https:\/\/sabuguinho.com.br\/site\/wp-json\/wp\/v2\/media?parent=30606"}],"wp:term":[{"taxonomy":"category","embeddable":true,"href":"https:\/\/sabuguinho.com.br\/site\/wp-json\/wp\/v2\/categories?post=30606"},{"taxonomy":"post_tag","embeddable":true,"href":"https:\/\/sabuguinho.com.br\/site\/wp-json\/wp\/v2\/tags?post=30606"}],"curies":[{"name":"wp","href":"https:\/\/api.w.org\/{rel}","templated":true}]}}