{"id":30549,"date":"2025-08-18T13:09:32","date_gmt":"2025-08-18T16:09:32","guid":{"rendered":"https:\/\/sabuguinho.com.br\/site\/?p=30549"},"modified":"2025-08-18T13:09:46","modified_gmt":"2025-08-18T16:09:46","slug":"paulista-perde-e-agora-ja-pensa-no-pesadelo-chamado-primavera","status":"publish","type":"post","link":"https:\/\/sabuguinho.com.br\/site\/paulista-perde-e-agora-ja-pensa-no-pesadelo-chamado-primavera\/","title":{"rendered":"Paulista perde e agora j\u00e1 pensa no &#8216;pesadelo&#8217; chamado Primavera"},"content":{"rendered":"<p>Por F\u00e1bio Estevam | ESPORTES<\/p>\n<p>O Paulista foi a Piracicaba na tarde deste s\u00e1bado (16) e perdeu por 1 a 0, para o XV de Piracicaba, em jogo v\u00e1lido pela \u00faltima rodada de fase de classifica\u00e7\u00e3o da Copa Paulista. Ambos os times j\u00e1 entraram em campo classificados &#8211; apenas esperando os demais jogos da rodada para conhecerem seus advers\u00e1rios na pr\u00f3xima fase do mata-mata -, e foi assim que o Galo descobriu que, agora, no tudo ou nada, vai encarar o Primavera, de quem perdeu duas vezes na fase de grupos. Na partida deste s\u00e1bado o goleiro Lucas Gomes, do Galo, defendeu dois p\u00eanaltis e s\u00f3 n\u00e3o saiu de campo como her\u00f3i, por causa da derrota.<br \/>\nXV e Galo fizeram um primeiro tempo fraco. Apesar de muita movimenta\u00e7\u00e3o, poucas chances de gol foram criadas, sendo que os goleiros pouco precisaram trabalhar. A chance mais clara (se \u00e9 que pode ser chamada de clara), foi do time da casa, com um disparo de longa dist\u00e2nca para a defesa tranquila do goleiro do Paulista.<br \/>\nPouco inspirados na primeira, os dois times voltaram querendo mais na segunda etapa; o XV querendo mais, muito mais. Tanto que aos 17 minutos teve um p\u00eanalti a seu favor, que o goleirao do Galo Lucas Gomes defendeu.<br \/>\nSeis minutos depois o time da casa abriu o placar; Luiz\u00e3o deu um &#8216;chuta\u00e7oa\u00e7oa\u00e7o&#8217; de muito longe e acertou o \u00e2ngulo o goleiro do Galo, fazendo 1 a 0.<br \/>\nDepois do gol o Galo deu aquela desanimada, muito em fun\u00e7\u00e3o de sj\u00e1 estar classificado. Quem aproveitou para crescer com isso foi o XV de Piracicaba, que aos 45 minutos teve outro p\u00eanalti a ser favor, desta vez cometido pelo afoito goleiro Lucas Gomes. No entanto, confiante pelo primeiro p\u00eanalti defendido, o goleir\u00e3o se agigantou e novo para pegar seu segundo p\u00eanalti no jogo em outra grande defesa no seu canto direito.<br \/>\nDa\u00ed em diante XV foi &#8216;cozinhando&#8217; o Galo at\u00e9 o apito final.<\/p>\n","protected":false},"excerpt":{"rendered":"<p>Por F\u00e1bio Estevam | ESPORTES O Paulista foi a Piracicaba na tarde deste s\u00e1bado (16) e perdeu por 1 a 0, para o XV de Piracicaba, em jogo v\u00e1lido pela \u00faltima rodada de fase de classifica\u00e7\u00e3o da Copa Paulista. Ambos os times j\u00e1 entraram em campo classificados &#8211; apenas esperando os demais jogos da rodada [&hellip;]<\/p>\n","protected":false},"author":2,"featured_media":30550,"comment_status":"open","ping_status":"open","sticky":false,"template":"","format":"standard","meta":{"footnotes":""},"categories":[45],"tags":[],"_links":{"self":[{"href":"https:\/\/sabuguinho.com.br\/site\/wp-json\/wp\/v2\/posts\/30549"}],"collection":[{"href":"https:\/\/sabuguinho.com.br\/site\/wp-json\/wp\/v2\/posts"}],"about":[{"href":"https:\/\/sabuguinho.com.br\/site\/wp-json\/wp\/v2\/types\/post"}],"author":[{"embeddable":true,"href":"https:\/\/sabuguinho.com.br\/site\/wp-json\/wp\/v2\/users\/2"}],"replies":[{"embeddable":true,"href":"https:\/\/sabuguinho.com.br\/site\/wp-json\/wp\/v2\/comments?post=30549"}],"version-history":[{"count":1,"href":"https:\/\/sabuguinho.com.br\/site\/wp-json\/wp\/v2\/posts\/30549\/revisions"}],"predecessor-version":[{"id":30551,"href":"https:\/\/sabuguinho.com.br\/site\/wp-json\/wp\/v2\/posts\/30549\/revisions\/30551"}],"wp:featuredmedia":[{"embeddable":true,"href":"https:\/\/sabuguinho.com.br\/site\/wp-json\/wp\/v2\/media\/30550"}],"wp:attachment":[{"href":"https:\/\/sabuguinho.com.br\/site\/wp-json\/wp\/v2\/media?parent=30549"}],"wp:term":[{"taxonomy":"category","embeddable":true,"href":"https:\/\/sabuguinho.com.br\/site\/wp-json\/wp\/v2\/categories?post=30549"},{"taxonomy":"post_tag","embeddable":true,"href":"https:\/\/sabuguinho.com.br\/site\/wp-json\/wp\/v2\/tags?post=30549"}],"curies":[{"name":"wp","href":"https:\/\/api.w.org\/{rel}","templated":true}]}}