{"id":30517,"date":"2025-08-18T10:51:46","date_gmt":"2025-08-18T13:51:46","guid":{"rendered":"https:\/\/sabuguinho.com.br\/site\/?p=30517"},"modified":"2025-08-18T10:51:46","modified_gmt":"2025-08-18T13:51:46","slug":"a-equipe-de-natacao-avareense-brilha-na-7a-etapa-do-circuito-paulista-de-travessias-aquaticas-em-bertioga","status":"publish","type":"post","link":"https:\/\/sabuguinho.com.br\/site\/a-equipe-de-natacao-avareense-brilha-na-7a-etapa-do-circuito-paulista-de-travessias-aquaticas-em-bertioga\/","title":{"rendered":"A Equipe de Nata\u00e7\u00e3o Avareense Brilha na 7\u00aa Etapa do Circuito Paulista de Travessias Aqu\u00e1ticas em Bertioga"},"content":{"rendered":"<p>Neste \u00faltimo Domingo 17 de Agosto a Equipe Avareense de Nata\u00e7\u00e3o AAVJ\/SEME\/AVAR\u00c9, esteve no  Litoral Norte em Bertioga  disputando a 7\u00aa Etapa do Circuito Paulista de Travessias Aqu\u00e1ticas 2025, e conquistou a Etapa nas Provas de 3 km, 1km e 500m, gra\u00e7as ao excelente desempenho de seus Atletas. Agradecimentos a Secret\u00e1ria Municipal de Esportes e A.A.Avareense.<br \/>\nResultados Prova 3 Km.<br \/>\nGABRIEL S. TEIXERA &#8211; Campe\u00e3o &#8211; Categoria &#8211; Petiz<br \/>\nLORENZO FIGUEIREDO BERGAMO SALVADOR &#8211; Campe\u00e3o Categoria &#8211; Infantil l<br \/>\nRAUL JOS\u00c9 FERNANDES TARTAGLIA &#8211; -Campe\u00e3o &#8211; Categoria &#8211; Juvenil e Vice-Campe\u00e3o Geral<br \/>\nANDERSON BATISTA FERREIRA &#8211; Campe\u00e3o &#8211; Categoria M\u00e1ster A e 3\u00ba Colocado Geral<br \/>\nJONY FERREIRA DA SILVA &#8211; Campe\u00e3o &#8211; Categoria  M\u00e1ster B &#8211; e Campe\u00e3o Geral<br \/>\nALEXANDRE HIL\u00c1RIO SILVESTRE &#8211; Campe\u00e3o &#8211; Categoria M\u00e1ster F<br \/>\nGIOVANNI JOS\u00c9 CARREIRA CAPECCI &#8211; 4\u00ba Lugar &#8211; Categoria M\u00e1ster F<br \/>\nSANDRO OLIVEIRA DA CUNHA &#8211;  Campe\u00e3o &#8211; Categoria M\u00e1ster G e 5\u00ba Colocado Geral<br \/>\nJOS\u00c9 AUGUSTO CARDOSO &#8211; Campe\u00e3o &#8211; Categoria M\u00e1ster I<br \/>\nMANUELA DE SOUZA JULI\u00c3O &#8211; Campe\u00e3 &#8211; Categoria &#8211; Infantil e Campe\u00e3o Geral<br \/>\nISABELA PEDRO SANTOS &#8211; Vice-Campe\u00e3 &#8211; Categoria &#8211; Infantil l<br \/>\nNICOLE LEMES LOUREN\u00c7O DA SILVA &#8211; -Campe\u00e3  &#8211; Categoria Junior e 5\u00aa Colocada Geral<br \/>\nGIOVANNA SALVIANO PANONI &#8211; Vice-Campe\u00e3 Colocada &#8211; Categoria Junior<br \/>\nResultados Prova 1 km.<br \/>\nMATEUS CRAVEIRO BANIN &#8211; Vice Campe\u00e3o &#8211; Categoria &#8211; Mirim<br \/>\nLUCAS DE SOUZA JULI\u00c3O &#8211; Campe\u00e3o  &#8211; Categoria &#8211; Petiz<br \/>\nGABRIEL S. TEIXEIRA &#8211; Vice-Campe\u00e3o &#8211; Categoria &#8211; Petiz<br \/>\nJOS\u00c9 AUGUSTO DE CARVALHO SOUZA &#8211; 3\u00ba Colocado &#8211; Categoria Petiz<br \/>\nLEONARDO DE OLIVEIRA ENGE &#8211; 5\u00ba Colocado &#8211; Categoria &#8211; Petiz<br \/>\nLUCAS CRAVEIRO BANIN &#8211; 6\u00ba Colocado &#8211; Categoria &#8211; Petiz<br \/>\nLORENZO FIGUEIREDO BERGAMO SALVADOR &#8211; Campe\u00e3o &#8211; Categoria &#8211; Infantil e 5o Geral<br \/>\nRAUL JOS\u00c9 FERNANDES TARTAGLIA &#8211; Campe\u00e3o &#8211; Categoria &#8211; Juvenil e 4\u00ba Colcoado Geral<br \/>\nANDERSON BATISTA FERRERIA &#8211; Campe\u00e3o &#8211; Categoria &#8211; M\u00e1srter &#8211; A &#8211; 3\u00ba Geral<br \/>\nJONY FERREIRA DA SILVA &#8211; Campe\u00e3o &#8211; Categoria &#8211; M\u00e1ster &#8211; B e Campe\u00e3o Geral<br \/>\nALEXANDRE HIL\u00c1RIO SILVESTRE &#8211; Campe\u00e3o &#8211; Categoria &#8211; M\u00e1ster &#8211; F<br \/>\nGIOVANNI JOS\u00c9 CARREIRA CAPECCI &#8211; 5\u00ba Lugar &#8211; Categoria &#8211; M\u00e1ster &#8211; F<br \/>\nMARCIO RICARDO ENGE &#8211; 8\u00ba Colocado &#8211; Categoria &#8211; M\u00e1ster &#8211; F<br \/>\nSANDRO OLIVEIRA DA CUNHA &#8211; Campe\u00e3o &#8211; Categoria &#8211; M\u00e1ster G<br \/>\nJOS\u00c9 AUGUSTO CARDOSO &#8211; Campe\u00e3o &#8211; Categoria &#8211; M\u00e1ster I<br \/>\nMARIA JULIA CORR\u00caA &#8211; Campe\u00e3 &#8211; Categoria &#8211; Petiz e 4\u00aa Colocada Geral<br \/>\nVALENTINA VIERIA DADALTO &#8211; Vice-Campe\u00e3 &#8211; Categoria &#8211; Petiz<br \/>\nMANUELA DE SOUZA JULI\u00c3O &#8211; Vice-Campe\u00e3 &#8211; Categoria &#8211; Infantil e 3\u00aa Colocada Geral<br \/>\nISABELA PEDRO SANTOS &#8211; 3\u00aa Colocada &#8211; Categoria &#8211; Infantil e 4\u00aa Colocada Geral<br \/>\nNICOLE LEMES LOUREN\u00c7O DA SILVA &#8211; 3\u00aa Colocada &#8211; Categoria &#8211; Junior<br \/>\nGiOVANNA SALVIANO PANONI &#8211; 4\u00aa Colocada &#8211; Categoria &#8211; Junior<br \/>\nMARIANA FERNANDES DA COSTA TARTAGLIA &#8211; Vice-Campe\u00e3 &#8211; Categoria &#8211; M\u00e1ster &#8211; D<br \/>\nResultados Prova 500 m<br \/>\nMATEUS CRAVEIRO BANIN- Vice-Campe\u00e3o &#8211; Categoria &#8211; Mirim<br \/>\nGABRIEL DA SILVA TEIXEIRA &#8211; Campe\u00e3o &#8211; Categoria &#8211; Petiz<br \/>\nJOS\u00c9 AUGUSTO DE CARVALHO SOUZA &#8211; Vice-Campe\u00e3o  &#8211; Categoria Petiz<br \/>\nLUCAS DE SOUZA JULI\u00c3O &#8211; 3\u00ba Colocado &#8211; Categoria &#8211; Petiz<br \/>\nLEONARDO DE OLIVEIRA ENGE &#8211; 4\u00ba Colocado &#8211; Categoria Petiz<br \/>\nLUCAS CRAVEIRO BANIN &#8211; 5\u00ba Colocado &#8211; Categoria &#8211; Petiz<br \/>\nLORENZO FIGUEIREDO BERGAMO SALVADOR &#8211; Campe\u00e3o &#8211; Categoria Infantil e Vice-Campe\u00e3o Geral<br \/>\nRAUL JOS\u00c9 FERNANDES TARTAGLIA &#8211;  Campe\u00e3o &#8211; Categoria Juvenil e 5\u00ba Geral<br \/>\nANDERSON BATISTA FERRERIA &#8211; Vice-Campe\u00e3o &#8211; Categoria &#8211; M\u00e1ster A e 3\u00ba Geral<br \/>\nJONY FERRERIA DA SILVA &#8211; Campe\u00e3o &#8211; Categoria &#8211; M\u00e1ster B e Campe\u00e3o Geral<br \/>\nALEXANDRE HIL\u00c1RIO SILVESTRE &#8211; Campe\u00e3o &#8211; Categoria M\u00e1ster F<br \/>\nGIOVANNI JOS\u00c9 C. CAPECCI &#8211; 5\u00ba Colocado &#8211; Categoria M\u00e1ster F<br \/>\nMARCIO RICARDO ENGE &#8211; 7\u00ba Colocado &#8211; Categoria M\u00e1ster F<br \/>\nSANDRO OLIVEIRA DA CUNHA &#8211; Campe\u00e3o &#8211; Categoria &#8211; M\u00e1ster G<br \/>\nJOS\u00c9 AUGUSTO CARDOSO &#8211; Campe\u00e3o &#8211; Categoria &#8211; M\u00e1ster &#8211; I<br \/>\nMARIA JULIA CORR\u00caA DE GOES &#8211; Campe\u00e3 &#8211; Categoria Petiz e 3\u00aa Colocada Geral<br \/>\nVALENTINA VIEIRA DADALTO &#8211; Vice-Campe\u00e3 &#8211; Categoria  Petiz e 5\u00aa Colocada Geral<br \/>\nANA LAURA CARREIRA DA SILVA &#8211; 3\u00aa Colocada &#8211; Categoria Petiz<br \/>\nMANUELA DE SOUZA JULI\u00c3O &#8211; Vice-Campe\u00e3 &#8211; Categoria -Infantil &#8211; Vice-Campe\u00e3 Geral<br \/>\nISABELA PEDRO SANTOS &#8211; 4\u00aa Colocada &#8211; Categoria  Infantil e 4\u00ba Colocada Geral<br \/>\nNICOLE L. L. DA SILVA &#8211; -Campe\u00e3 &#8211; Categoria &#8211; Junior 1 e 4\u00aa Colocada Geral<br \/>\nGIOVANNA SALVIANO PANONI- Vice-Campe\u00e3 &#8211; Junior 1 l<br \/>\nMARIANA FERNANES DA COSTA TARTAGLIA &#8211; Campe\u00e3 &#8211; Categoria &#8211; M\u00e1ster D<br \/>\nT\u00c9CNICO RESPONS\u00c1VEI : PROF SANDRO OLIVEIRA DA CUNHA.<\/p>\n<p><img loading=\"lazy\" decoding=\"async\" src=\"https:\/\/sabuguinho.com.br\/site\/wp-content\/uploads\/2025\/08\/IMG-20250818-WA0034-150x113.jpg\" alt=\"\" width=\"150\" height=\"113\" class=\"alignnone size-medium wp-image-30518\" srcset=\"https:\/\/sabuguinho.com.br\/site\/wp-content\/uploads\/2025\/08\/IMG-20250818-WA0034-150x113.jpg 150w, https:\/\/sabuguinho.com.br\/site\/wp-content\/uploads\/2025\/08\/IMG-20250818-WA0034-512x384.jpg 512w, https:\/\/sabuguinho.com.br\/site\/wp-content\/uploads\/2025\/08\/IMG-20250818-WA0034-768x576.jpg 768w, https:\/\/sabuguinho.com.br\/site\/wp-content\/uploads\/2025\/08\/IMG-20250818-WA0034-1536x1152.jpg 1536w, https:\/\/sabuguinho.com.br\/site\/wp-content\/uploads\/2025\/08\/IMG-20250818-WA0034-750x563.jpg 750w, https:\/\/sabuguinho.com.br\/site\/wp-content\/uploads\/2025\/08\/IMG-20250818-WA0034-1140x855.jpg 1140w, https:\/\/sabuguinho.com.br\/site\/wp-content\/uploads\/2025\/08\/IMG-20250818-WA0034.jpg 1600w\" sizes=\"(max-width: 150px) 100vw, 150px\" \/><\/p>\n","protected":false},"excerpt":{"rendered":"<p>Neste \u00faltimo Domingo 17 de Agosto a Equipe Avareense de Nata\u00e7\u00e3o AAVJ\/SEME\/AVAR\u00c9, esteve no Litoral Norte em Bertioga disputando a 7\u00aa Etapa do Circuito Paulista de Travessias Aqu\u00e1ticas 2025, e conquistou a Etapa nas Provas de 3 km, 1km e 500m, gra\u00e7as ao excelente desempenho de seus Atletas. Agradecimentos a Secret\u00e1ria Municipal de Esportes e [&hellip;]<\/p>\n","protected":false},"author":2,"featured_media":30519,"comment_status":"open","ping_status":"open","sticky":false,"template":"","format":"standard","meta":{"footnotes":""},"categories":[45],"tags":[],"_links":{"self":[{"href":"https:\/\/sabuguinho.com.br\/site\/wp-json\/wp\/v2\/posts\/30517"}],"collection":[{"href":"https:\/\/sabuguinho.com.br\/site\/wp-json\/wp\/v2\/posts"}],"about":[{"href":"https:\/\/sabuguinho.com.br\/site\/wp-json\/wp\/v2\/types\/post"}],"author":[{"embeddable":true,"href":"https:\/\/sabuguinho.com.br\/site\/wp-json\/wp\/v2\/users\/2"}],"replies":[{"embeddable":true,"href":"https:\/\/sabuguinho.com.br\/site\/wp-json\/wp\/v2\/comments?post=30517"}],"version-history":[{"count":1,"href":"https:\/\/sabuguinho.com.br\/site\/wp-json\/wp\/v2\/posts\/30517\/revisions"}],"predecessor-version":[{"id":30520,"href":"https:\/\/sabuguinho.com.br\/site\/wp-json\/wp\/v2\/posts\/30517\/revisions\/30520"}],"wp:featuredmedia":[{"embeddable":true,"href":"https:\/\/sabuguinho.com.br\/site\/wp-json\/wp\/v2\/media\/30519"}],"wp:attachment":[{"href":"https:\/\/sabuguinho.com.br\/site\/wp-json\/wp\/v2\/media?parent=30517"}],"wp:term":[{"taxonomy":"category","embeddable":true,"href":"https:\/\/sabuguinho.com.br\/site\/wp-json\/wp\/v2\/categories?post=30517"},{"taxonomy":"post_tag","embeddable":true,"href":"https:\/\/sabuguinho.com.br\/site\/wp-json\/wp\/v2\/tags?post=30517"}],"curies":[{"name":"wp","href":"https:\/\/api.w.org\/{rel}","templated":true}]}}