{"id":30396,"date":"2025-08-16T18:08:38","date_gmt":"2025-08-16T21:08:38","guid":{"rendered":"https:\/\/sabuguinho.com.br\/site\/?p=30396"},"modified":"2025-08-16T18:10:08","modified_gmt":"2025-08-16T21:10:08","slug":"chico-buarque-e-convidado-para-compor-samba-enredo-em-homenagem-ao-presidente-lula","status":"publish","type":"post","link":"https:\/\/sabuguinho.com.br\/site\/chico-buarque-e-convidado-para-compor-samba-enredo-em-homenagem-ao-presidente-lula\/","title":{"rendered":"Chico Buarque \u00e9 convidado para compor samba-enredo em homenagem ao presidente Lula"},"content":{"rendered":"<p>Reda\u00e7\u00e3o Al\u00f4 Al\u00f4 Bahia<\/p>\n<p>O cantor e compositor Chico Buarque foi convidado pela Acad\u00eamicos de Niter\u00f3i para escrever o samba-enredo da agremia\u00e7\u00e3o, que far\u00e1 sua estreia no Grupo Especial do Carnaval do Rio de Janeiro com um desfile em homenagem ao presidente Lula. O objetivo \u00e9 aproveitar a amizade de longa data entre o artista e o homenageado. De acordo com informa\u00e7\u00f5es divulgadas pelo jornal O Globo, o convite foi encaminhado por Arlindinho Cruz e ainda n\u00e3o h\u00e1 confirma\u00e7\u00e3o por parte de Chico se ele aceitar\u00e1 participar da composi\u00e7\u00e3o.<br \/>\nA Acad\u00eamicos de Niter\u00f3i vai desfilar na Marqu\u00eas de Sapuca\u00ed com o enredo \u201cDo alto do mulungu surge a esperan\u00e7a: Lula, o oper\u00e1rio do Brasil\u201d, que narrar\u00e1 a trajet\u00f3ria de vida do ex-oper\u00e1rio que se tornou presidente do Brasil. O tema ser\u00e1 desenvolvido pelo carnavalesco Tiago Martins e o prazo para apresenta\u00e7\u00e3o do samba \u00e9 at\u00e9 21 de setembro.<\/p>\n","protected":false},"excerpt":{"rendered":"<p>Reda\u00e7\u00e3o Al\u00f4 Al\u00f4 Bahia O cantor e compositor Chico Buarque foi convidado pela Acad\u00eamicos de Niter\u00f3i para escrever o samba-enredo da agremia\u00e7\u00e3o, que far\u00e1 sua estreia no Grupo Especial do Carnaval do Rio de Janeiro com um desfile em homenagem ao presidente Lula. O objetivo \u00e9 aproveitar a amizade de longa data entre o artista [&hellip;]<\/p>\n","protected":false},"author":2,"featured_media":30400,"comment_status":"open","ping_status":"open","sticky":false,"template":"","format":"standard","meta":{"footnotes":""},"categories":[89],"tags":[],"_links":{"self":[{"href":"https:\/\/sabuguinho.com.br\/site\/wp-json\/wp\/v2\/posts\/30396"}],"collection":[{"href":"https:\/\/sabuguinho.com.br\/site\/wp-json\/wp\/v2\/posts"}],"about":[{"href":"https:\/\/sabuguinho.com.br\/site\/wp-json\/wp\/v2\/types\/post"}],"author":[{"embeddable":true,"href":"https:\/\/sabuguinho.com.br\/site\/wp-json\/wp\/v2\/users\/2"}],"replies":[{"embeddable":true,"href":"https:\/\/sabuguinho.com.br\/site\/wp-json\/wp\/v2\/comments?post=30396"}],"version-history":[{"count":1,"href":"https:\/\/sabuguinho.com.br\/site\/wp-json\/wp\/v2\/posts\/30396\/revisions"}],"predecessor-version":[{"id":30399,"href":"https:\/\/sabuguinho.com.br\/site\/wp-json\/wp\/v2\/posts\/30396\/revisions\/30399"}],"wp:featuredmedia":[{"embeddable":true,"href":"https:\/\/sabuguinho.com.br\/site\/wp-json\/wp\/v2\/media\/30400"}],"wp:attachment":[{"href":"https:\/\/sabuguinho.com.br\/site\/wp-json\/wp\/v2\/media?parent=30396"}],"wp:term":[{"taxonomy":"category","embeddable":true,"href":"https:\/\/sabuguinho.com.br\/site\/wp-json\/wp\/v2\/categories?post=30396"},{"taxonomy":"post_tag","embeddable":true,"href":"https:\/\/sabuguinho.com.br\/site\/wp-json\/wp\/v2\/tags?post=30396"}],"curies":[{"name":"wp","href":"https:\/\/api.w.org\/{rel}","templated":true}]}}