{"id":30340,"date":"2025-08-16T10:26:43","date_gmt":"2025-08-16T13:26:43","guid":{"rendered":"https:\/\/sabuguinho.com.br\/site\/?p=30340"},"modified":"2025-08-16T10:26:43","modified_gmt":"2025-08-16T13:26:43","slug":"incendio-em-mata-causa-acidente-e-interdicao-na-rodovia-castello-branco-em-avare","status":"publish","type":"post","link":"https:\/\/sabuguinho.com.br\/site\/incendio-em-mata-causa-acidente-e-interdicao-na-rodovia-castello-branco-em-avare\/","title":{"rendered":"INC\u00caNDIO EM MATA CAUSA ACIDENTE E INTERDI\u00c7\u00c3O NA RODOVIA CASTELLO BRANCO EM AVAR\u00c9"},"content":{"rendered":"<p>Um inc\u00eandio de grandes propor\u00e7\u00f5es em uma \u00e1rea de vegeta\u00e7\u00e3o \u00e0s margens da Rodovia Castello Branco (SP-280), em Avar\u00e9, causou um acidente e interdi\u00e7\u00e3o parcial da via na tarde desta sexta-feira (15).<br \/>\nA fuma\u00e7a densa na pista provocou uma colis\u00e3o traseira entre uma caminhonete Hilux e um carro de passeio. Apesar do susto, ningu\u00e9m ficou ferido.<br \/>\nDevido \u00e0 queda de bambus na pista, a faixa 2 da rodovia, entre os quil\u00f4metros 242 e 243, foi interditada para a limpeza e sinaliza\u00e7\u00e3o. Equipes do Corpo de Bombeiros e da concession\u00e1ria que administra a rodovia atuaram no combate \u00e0s chamas e na remo\u00e7\u00e3o dos detritos da via.<br \/>\nAp\u00f3s o trabalho das equipes, a rodovia foi totalmente liberada e o tr\u00e2nsito n<\/p>\n<p><img loading=\"lazy\" decoding=\"async\" src=\"https:\/\/sabuguinho.com.br\/site\/wp-content\/uploads\/2025\/08\/download-1-1140x468-1-150x62.jpg\" alt=\"\" width=\"150\" height=\"62\" class=\"alignnone size-medium wp-image-30341\" srcset=\"https:\/\/sabuguinho.com.br\/site\/wp-content\/uploads\/2025\/08\/download-1-1140x468-1-150x62.jpg 150w, https:\/\/sabuguinho.com.br\/site\/wp-content\/uploads\/2025\/08\/download-1-1140x468-1-512x210.jpg 512w, https:\/\/sabuguinho.com.br\/site\/wp-content\/uploads\/2025\/08\/download-1-1140x468-1-768x315.jpg 768w, https:\/\/sabuguinho.com.br\/site\/wp-content\/uploads\/2025\/08\/download-1-1140x468-1-750x308.jpg 750w, https:\/\/sabuguinho.com.br\/site\/wp-content\/uploads\/2025\/08\/download-1-1140x468-1.jpg 1140w\" sizes=\"(max-width: 150px) 100vw, 150px\" \/><\/p>\n","protected":false},"excerpt":{"rendered":"<p>Um inc\u00eandio de grandes propor\u00e7\u00f5es em uma \u00e1rea de vegeta\u00e7\u00e3o \u00e0s margens da Rodovia Castello Branco (SP-280), em Avar\u00e9, causou um acidente e interdi\u00e7\u00e3o parcial da via na tarde desta sexta-feira (15). A fuma\u00e7a densa na pista provocou uma colis\u00e3o traseira entre uma caminhonete Hilux e um carro de passeio. Apesar do susto, ningu\u00e9m ficou [&hellip;]<\/p>\n","protected":false},"author":2,"featured_media":30342,"comment_status":"open","ping_status":"open","sticky":false,"template":"","format":"standard","meta":{"footnotes":""},"categories":[58],"tags":[],"_links":{"self":[{"href":"https:\/\/sabuguinho.com.br\/site\/wp-json\/wp\/v2\/posts\/30340"}],"collection":[{"href":"https:\/\/sabuguinho.com.br\/site\/wp-json\/wp\/v2\/posts"}],"about":[{"href":"https:\/\/sabuguinho.com.br\/site\/wp-json\/wp\/v2\/types\/post"}],"author":[{"embeddable":true,"href":"https:\/\/sabuguinho.com.br\/site\/wp-json\/wp\/v2\/users\/2"}],"replies":[{"embeddable":true,"href":"https:\/\/sabuguinho.com.br\/site\/wp-json\/wp\/v2\/comments?post=30340"}],"version-history":[{"count":1,"href":"https:\/\/sabuguinho.com.br\/site\/wp-json\/wp\/v2\/posts\/30340\/revisions"}],"predecessor-version":[{"id":30343,"href":"https:\/\/sabuguinho.com.br\/site\/wp-json\/wp\/v2\/posts\/30340\/revisions\/30343"}],"wp:featuredmedia":[{"embeddable":true,"href":"https:\/\/sabuguinho.com.br\/site\/wp-json\/wp\/v2\/media\/30342"}],"wp:attachment":[{"href":"https:\/\/sabuguinho.com.br\/site\/wp-json\/wp\/v2\/media?parent=30340"}],"wp:term":[{"taxonomy":"category","embeddable":true,"href":"https:\/\/sabuguinho.com.br\/site\/wp-json\/wp\/v2\/categories?post=30340"},{"taxonomy":"post_tag","embeddable":true,"href":"https:\/\/sabuguinho.com.br\/site\/wp-json\/wp\/v2\/tags?post=30340"}],"curies":[{"name":"wp","href":"https:\/\/api.w.org\/{rel}","templated":true}]}}